{"id":1267,"date":"2025-08-26T09:54:00","date_gmt":"2025-08-26T07:54:00","guid":{"rendered":"http:\/\/iberica.info\/?p=1267"},"modified":"2025-09-02T18:55:46","modified_gmt":"2025-09-02T16:55:46","slug":"tango-argentin-intervention-scolaire-france","status":"publish","type":"post","link":"https:\/\/iberica.info\/index.php\/2025\/08\/26\/tango-argentin-intervention-scolaire-france\/","title":{"rendered":"TANGO ARGENTIN INTERVENTION SCOLAIRE FRANCE"},"content":{"rendered":"\n<h2>TANGO ARGENTIN INTERVENTION SCOLAIRE FRANCE COLL\u00c8GE LYC\u00c9E<\/h2>\n\n\n\n<figure class=\"wp-block-image size-full\"><img loading=\"lazy\" width=\"900\" height=\"596\" src=\"http:\/\/iberica.info\/wp-content\/uploads\/2023\/10\/Viva1.jpg\" alt=\"\" class=\"wp-image-1269\" srcset=\"https:\/\/iberica.info\/wp-content\/uploads\/2023\/10\/Viva1.jpg 900w, https:\/\/iberica.info\/wp-content\/uploads\/2023\/10\/Viva1-300x199.jpg 300w, https:\/\/iberica.info\/wp-content\/uploads\/2023\/10\/Viva1-768x509.jpg 768w, https:\/\/iberica.info\/wp-content\/uploads\/2023\/10\/Viva1-750x497.jpg 750w\" sizes=\"(max-width: 900px) 100vw, 900px\" \/><figcaption>TANGO ARGENTIN INTERVENTION SCOLAIRE FRANCE HAUTS DE FRANCE LILLE AMIENS ARRAS VALENCIENNES ROUBAIX BELGIQUE<\/figcaption><\/figure>\n\n\n\n<p>D\u00e9couvrir le TANGO, son histoire, son parcours, les aspects Danse et Musique, ses origines \u2026<br>S\u2019initier avec des intervenants professionnels reconnus, inscrits dans la musique et la danse<br>depuis de nombreuses ann\u00e9es \u2026<\/p>\n\n\n\n<p>L\u2019intervention \u00c0 L\u2019\u00c9COLE DU TANGO propose des modules de d\u00e9couverte, d\u2019initiation, des<br>ateliers chor\u00e9graphiques et spectacle de proximit\u00e9 de cet art inscrit au patrimoine culturel<br>immat\u00e9riel de l\u2019humanit\u00e9 en 2009 pour les publics de coll\u00e8ges, lyc\u00e9es, universit\u00e9s et grandes<br>\u00e9coles et les centres de loisirs et sociaux.<\/p>\n\n\n\n<p>Du Rio de la Plata (Argentina &amp; Uruguay) o\u00f9 appara\u00eet l\u2019expression culturelle des<br>AfroRioplatenses, aux Milongas, puis cercles familiaux, Le Tango se d\u00e9veloppe progressivement<br>et devient un art pratiqu\u00e9 dans le monde entier. De nombreuses th\u00e9matiques et aspects<br>pourront \u00eatre abord\u00e9s : Les grands artistes connus et groupes actuels : Carlos GARDEL, Astor<br>PIAZZOLLA, GOTAN PROJECT \u2013 Le Cin\u00e9ma et la Radio \u2013 les nombreuses discriminations \u2026<br>Musicalement, les rythmiques sp\u00e9cifiques seront expliqu\u00e9es et pratiqu\u00e9es en direct avec un<br>guitariste professionnel du spectacle TANGO VIVO ORCHESTRA issu de la compagnie r\u00e9gionale<br>LOS DE LA NOCHE.<\/p>\n\n\n\n<p><br>Le Tango permet d\u2019avoir acc\u00e8s en Interdisciplinarit\u00e9 \u00e0 la langue Espagnole, la Musique, la Culture, l\u2019Histoire, la Litt\u00e9rature et la Po\u00e9sie mais aussi le Sport en tant que Danse.<\/p>\n\n\n\n<h3 class=\"has-text-align-center\"><strong>DEMANDEZ-VITE UN DEVIS\/ESTIMATION D\u00c9TAILL\u00c9(E) ET ADAPT\u00c9(E) \u00c0 VOS BESOINS :<\/strong><\/h3>\n\n\n\n<h2 class=\"has-text-align-center\"><strong>iberica @ live.fr<\/strong><\/h2>\n\n\n\n<h2 class=\"has-text-align-center has-vivid-red-color has-text-color\">RETROUVEZ NOS OFFRES SCOLAIRES SUR ADAGE PAS CULTURE<\/h2>\n\n\n\n<div class=\"wp-block-image\"><figure class=\"aligncenter size-full is-resized\"><img loading=\"lazy\" src=\"http:\/\/iberica.info\/wp-content\/uploads\/2023\/09\/ADAGE.gif\" alt=\"ADAGE PASS CULTURE IBERICA INTERVENTIONS SCOLAIRES CONCERTS FRANCE HAUTS DE FRANCE\" class=\"wp-image-1236\" width=\"393\" height=\"307\"\/><figcaption>ADAGE PASS CULTURE IBERICA INTERVENTIONS SCOLAIRES CONCERTS FRANCE HAUTS DE FRANCE<\/figcaption><\/figure><\/div>\n\n\n<div class=\"wpforms-container wpforms-container-full\" id=\"wpforms-1722\"><form id=\"wpforms-form-1722\" class=\"wpforms-validate wpforms-form\" data-formid=\"1722\" method=\"post\" enctype=\"multipart\/form-data\" action=\"\/index.php\/wp-json\/wp\/v2\/posts\/1267\" data-token=\"b89688b60922d7011fa355de0bc1ea71\"><noscript class=\"wpforms-error-noscript\">Veuillez activer JavaScript dans votre navigateur pour remplir ce formulaire.<\/noscript><div class=\"wpforms-field-container\"><div id=\"wpforms-1722-field_22-container\" class=\"wpforms-field wpforms-field-text\" data-field-id=\"22\"><label class=\"wpforms-field-label\" for=\"wpforms-1722-field_22\">*** FORMULAIRE DE DEMANDE D&#039;INTERVENTION ARTISTIQUE - IB\u00c9RICA ***<\/label><input type=\"text\" id=\"wpforms-1722-field_22\" class=\"wpforms-field-medium\" name=\"wpforms[fields][22]\" ><\/div><div id=\"wpforms-1722-field_1-container\" class=\"wpforms-field wpforms-field-name\" data-field-id=\"1\"><label class=\"wpforms-field-label\" for=\"wpforms-1722-field_1\">NOM &amp; PR\u00c9NOM <span class=\"wpforms-required-label\">*<\/span><\/label><input type=\"text\" id=\"wpforms-1722-field_1\" class=\"wpforms-field-medium wpforms-field-required\" name=\"wpforms[fields][1]\" required><\/div><div id=\"wpforms-1722-field_2-container\" class=\"wpforms-field wpforms-field-email\" data-field-id=\"2\"><label class=\"wpforms-field-label\" for=\"wpforms-1722-field_2\">EMAIL <span class=\"wpforms-required-label\">*<\/span><\/label><input type=\"email\" id=\"wpforms-1722-field_2\" class=\"wpforms-field-medium wpforms-field-required\" name=\"wpforms[fields][2]\" required><\/div><div id=\"wpforms-1722-field_7-container\" class=\"wpforms-field wpforms-field-number\" data-field-id=\"7\"><label class=\"wpforms-field-label\" for=\"wpforms-1722-field_7\">T\u00c9L\u00c9PHONE MOBILE <span class=\"wpforms-required-label\">*<\/span><\/label><input type=\"number\" pattern=\"\\d*\" id=\"wpforms-1722-field_7\" class=\"wpforms-field-medium wpforms-field-required\" name=\"wpforms[fields][7]\" required><\/div><div id=\"wpforms-1722-field_4-container\" class=\"wpforms-field wpforms-field-textarea\" data-field-id=\"4\"><label class=\"wpforms-field-label\" for=\"wpforms-1722-field_4\">NOM ET ADRESSE ETABLISSEMENT <span class=\"wpforms-required-label\">*<\/span><\/label><textarea id=\"wpforms-1722-field_4\" class=\"wpforms-field-medium wpforms-field-required\" name=\"wpforms[fields][4]\" required><\/textarea><\/div><div id=\"wpforms-1722-field_3-container\" class=\"wpforms-field wpforms-field-text\" data-field-id=\"3\"><label class=\"wpforms-field-label\" for=\"wpforms-1722-field_3\">SUJET DE VOTRE DEMANDE <span class=\"wpforms-required-label\">*<\/span><\/label><input type=\"text\" id=\"wpforms-1722-field_3\" class=\"wpforms-field-medium wpforms-field-required\" name=\"wpforms[fields][3]\" required><\/div><div id=\"wpforms-1722-field_8-container\" class=\"wpforms-field wpforms-field-textarea\" data-field-id=\"8\"><label class=\"wpforms-field-label\" for=\"wpforms-1722-field_8\">CONTEXTE - INDICATIONS - DEMANDE <span class=\"wpforms-required-label\">*<\/span><\/label><textarea id=\"wpforms-1722-field_8\" class=\"wpforms-field-medium wpforms-field-required\" name=\"wpforms[fields][8]\" required><\/textarea><\/div><div id=\"wpforms-1722-field_9-container\" class=\"wpforms-field wpforms-field-textarea\" data-field-id=\"9\"><label class=\"wpforms-field-label\" for=\"wpforms-1722-field_9\">Nombre d&#039;\u00e9l\u00e8ves - Nombre de groupes - Classes\/Niveaux) <span class=\"wpforms-required-label\">*<\/span><\/label><textarea id=\"wpforms-1722-field_9\" class=\"wpforms-field-medium wpforms-field-required\" name=\"wpforms[fields][9]\" required><\/textarea><\/div><div id=\"wpforms-1722-field_6-container\" class=\"wpforms-field wpforms-field-select wpforms-field-select-style-classic\" data-field-id=\"6\"><label class=\"wpforms-field-label\" for=\"wpforms-1722-field_6\">FLAMENCO<\/label><select id=\"wpforms-1722-field_6\" class=\"wpforms-field-medium\" name=\"wpforms[fields][6]\"><option value=\"NON SOUHAIT\u00c9\" >NON SOUHAIT\u00c9<\/option><option value=\"1- D\u00c9COUVERTE 55&#039;\/45&#039; : D\u00e9mo - Historique - Pratique Palmas - 28 \u00e9l\u00e8ves\" >1- D\u00c9COUVERTE 55&#039;\/45&#039; : D\u00e9mo - Historique - Pratique Palmas - 28 \u00e9l\u00e8ves<\/option><option value=\"2- INITIATION 1h30\/1h50 : D\u00e9mo - Historique - Pratique Palmas + Initiation Danse  - 28 \u00e9l\u00e8ves\" >2- INITIATION 1h30\/1h50 : D\u00e9mo - Historique - Pratique Palmas + Initiation Danse  - 28 \u00e9l\u00e8ves<\/option><option value=\"3- COURS DE DANSE - 45&#039;\/55&#039; - CLASE DE BAILE  - 28 \u00e9l\u00e8ves\" >3- COURS DE DANSE - 45&#039;\/55&#039; - CLASE DE BAILE  - 28 \u00e9l\u00e8ves<\/option><option value=\"3- COURS DE DANSE - 1h30\/1h50 - CLASE DE BAILE - 28 \u00e9l\u00e8ves\" >3- COURS DE DANSE - 1h30\/1h50 - CLASE DE BAILE - 28 \u00e9l\u00e8ves<\/option><option value=\"4- CHOR\u00c9GRAPHIQUE - 8H - (non compatible ADAGE)  - 28 \u00e9l\u00e8ves\" >4- CHOR\u00c9GRAPHIQUE - 8H - (non compatible ADAGE)  - 28 \u00e9l\u00e8ves<\/option><option value=\"5- CONCERT - 45\/55&#039; - 150\/180 \u00e9l\u00e8ves\" >5- CONCERT - 45\/55&#039; - 150\/180 \u00e9l\u00e8ves<\/option><\/select><div class=\"wpforms-field-description\">A L'\u00c9COLE DU FLAMENCO, plus ancienne Intervention Scolaire Flamenco de France<\/div><\/div><div id=\"wpforms-1722-field_11-container\" class=\"wpforms-field wpforms-field-select wpforms-field-select-style-classic\" data-field-id=\"11\"><label class=\"wpforms-field-label\" for=\"wpforms-1722-field_11\">TANGO<\/label><select id=\"wpforms-1722-field_11\" class=\"wpforms-field-medium\" name=\"wpforms[fields][11]\"><option value=\"NON SOUHAIT\u00c9\" >NON SOUHAIT\u00c9<\/option><option value=\"1- D\u00c9COUVERTE 55&#039;\/45&#039; : D\u00e9mo - Historique - Pratique Palmas - 28 \u00e9l\u00e8ves\" >1- D\u00c9COUVERTE 55&#039;\/45&#039; : D\u00e9mo - Historique - Pratique Palmas - 28 \u00e9l\u00e8ves<\/option><option value=\"2- INITIATION 1h30\/1h50 : D\u00e9mo - Historique - Pratique Palmas + Initiation Danse  - 28 \u00e9l\u00e8ves\" >2- INITIATION 1h30\/1h50 : D\u00e9mo - Historique - Pratique Palmas + Initiation Danse  - 28 \u00e9l\u00e8ves<\/option><option value=\"3- COURS DE DANSE - 45&#039;\/55&#039; - CLASE DE BAILE  - 28 \u00e9l\u00e8ves\" >3- COURS DE DANSE - 45&#039;\/55&#039; - CLASE DE BAILE  - 28 \u00e9l\u00e8ves<\/option><option value=\"3- COURS DE DANSE - 1h30\/1h50 - CLASE DE BAILE - 28 \u00e9l\u00e8ves\" >3- COURS DE DANSE - 1h30\/1h50 - CLASE DE BAILE - 28 \u00e9l\u00e8ves<\/option><option value=\"4- CHOR\u00c9GRAPHIQUE - 8H - (non compatible ADAGE)  - 28 \u00e9l\u00e8ves\" >4- CHOR\u00c9GRAPHIQUE - 8H - (non compatible ADAGE)  - 28 \u00e9l\u00e8ves<\/option><option value=\"5- CONCERT - 45\/55&#039; - 150\/180 \u00e9l\u00e8ves\" >5- CONCERT - 45\/55&#039; - 150\/180 \u00e9l\u00e8ves<\/option><\/select><\/div><div id=\"wpforms-1722-field_12-container\" class=\"wpforms-field wpforms-field-select wpforms-field-select-style-classic\" data-field-id=\"12\"><label class=\"wpforms-field-label\" for=\"wpforms-1722-field_12\">CANTAR EN ESPA\u00d1OL - LE VOYAGE DU CHANT HISPANO<\/label><select id=\"wpforms-1722-field_12\" class=\"wpforms-field-medium\" name=\"wpforms[fields][12]\"><option value=\"NON SOUHAIT\u00c9\" >NON SOUHAIT\u00c9<\/option><option value=\"1- D\u00c9COUVERTE 55&#039;\/45&#039; : Mini Concert 3 artistes - 28 \u00e9l\u00e8ves\" >1- D\u00c9COUVERTE 55&#039;\/45&#039; : Mini Concert 3 artistes - 28 \u00e9l\u00e8ves<\/option><option value=\"2- COURS DE CHANT - 2 artistes 55&#039;\/45&#039; - 28 \u00e9l\u00e8ves\" >2- COURS DE CHANT - 2 artistes 55&#039;\/45&#039; - 28 \u00e9l\u00e8ves<\/option><option value=\"3- CONCERT 4 artistes - 45&#039;\/55&#039; - 150\/180 \u00e9l\u00e8ves\" >3- CONCERT 4 artistes - 45&#039;\/55&#039; - 150\/180 \u00e9l\u00e8ves<\/option><\/select><div class=\"wpforms-field-description\">Le Voyage du Chant en Espagnol \u00e0 travers les pays hispanophones<\/div><\/div><div id=\"wpforms-1722-field_15-container\" class=\"wpforms-field wpforms-field-select wpforms-field-select-style-classic\" data-field-id=\"15\"><label class=\"wpforms-field-label\" for=\"wpforms-1722-field_15\">CAJ\u00d3N - ATELIERS<\/label><select id=\"wpforms-1722-field_15\" class=\"wpforms-field-medium\" name=\"wpforms[fields][15]\"><option value=\"NON SOUHAIT\u00c9\" >NON SOUHAIT\u00c9<\/option><option value=\"1- D\u00c9COUVERTE 55&#039;\/45&#039; - 2 artistes - 15 \u00e9l\u00e8ves\" >1- D\u00c9COUVERTE 55&#039;\/45&#039; - 2 artistes - 15 \u00e9l\u00e8ves<\/option><option value=\"2- COURS CAJ\u00d3N 8 H - 2 artistes - 15 \u00e9l\u00e8ves\" >2- COURS CAJ\u00d3N 8 H - 2 artistes - 15 \u00e9l\u00e8ves<\/option><\/select><div class=\"wpforms-field-description\">Pratique du CAJ\u00d3N en classe - Location Cajones adapt\u00e9s incluse<\/div><\/div><div id=\"wpforms-1722-field_14-container\" class=\"wpforms-field wpforms-field-checkbox\" data-field-id=\"14\"><label class=\"wpforms-field-label\" for=\"wpforms-1722-field_14\">CONCERTS 45 ou 55&#039; - V\u00e9ritable Prestation Artistique<\/label><ul id=\"wpforms-1722-field_14\"><li class=\"choice-1 depth-1\"><input type=\"checkbox\" id=\"wpforms-1722-field_14_1\" name=\"wpforms[fields][14][]\" value=\"FLAMENCO (\u00e0 partir de 4 artistes)\"  ><label class=\"wpforms-field-label-inline\" for=\"wpforms-1722-field_14_1\">FLAMENCO (\u00e0 partir de 4 artistes)<\/label><\/li><li class=\"choice-2 depth-1\"><input type=\"checkbox\" id=\"wpforms-1722-field_14_2\" name=\"wpforms[fields][14][]\" value=\"TANGO (\u00e0 partir de 4 artistes)\"  ><label class=\"wpforms-field-label-inline\" for=\"wpforms-1722-field_14_2\">TANGO (\u00e0 partir de 4 artistes)<\/label><\/li><li class=\"choice-3 depth-1\"><input type=\"checkbox\" id=\"wpforms-1722-field_14_3\" name=\"wpforms[fields][14][]\" value=\"LOS GRINGOS - PURO LATINO TRADI (\u00e0 partir de 4 artistes)\"  ><label class=\"wpforms-field-label-inline\" for=\"wpforms-1722-field_14_3\">LOS GRINGOS - PURO LATINO TRADI (\u00e0 partir de 4 artistes)<\/label><\/li><li class=\"choice-5 depth-1\"><input type=\"checkbox\" id=\"wpforms-1722-field_14_5\" name=\"wpforms[fields][14][]\" value=\"M\u00daSICAS DE CUBA (\u00e0 partir de 4 musiciens - option 2 danseurs)\"  ><label class=\"wpforms-field-label-inline\" for=\"wpforms-1722-field_14_5\">M\u00daSICAS DE CUBA (\u00e0 partir de 4 musiciens - option 2 danseurs)<\/label><\/li><li class=\"choice-6 depth-1\"><input type=\"checkbox\" id=\"wpforms-1722-field_14_6\" name=\"wpforms[fields][14][]\" value=\"FESTA LUSA - Fusion Portugal\/Br\u00e9sil\/Cap Vert (\u00e0 partir de 4 artistes)\"  ><label class=\"wpforms-field-label-inline\" for=\"wpforms-1722-field_14_6\">FESTA LUSA - Fusion Portugal\/Br\u00e9sil\/Cap Vert (\u00e0 partir de 4 artistes)<\/label><\/li><li class=\"choice-10 depth-1\"><input type=\"checkbox\" id=\"wpforms-1722-field_14_10\" name=\"wpforms[fields][14][]\" value=\"RITMO DEL S&#039;OL\u00c9 - CONCERT POP LATINO (\u00e0 partir de 4 artistes)\"  ><label class=\"wpforms-field-label-inline\" for=\"wpforms-1722-field_14_10\">RITMO DEL S'OL\u00c9 - CONCERT POP LATINO (\u00e0 partir de 4 artistes)<\/label><\/li><li class=\"choice-7 depth-1\"><input type=\"checkbox\" id=\"wpforms-1722-field_14_7\" name=\"wpforms[fields][14][]\" value=\"M\u00daSICAS ANDINAS (\u00e0 partir de 4 artistes)\"  ><label class=\"wpforms-field-label-inline\" for=\"wpforms-1722-field_14_7\">M\u00daSICAS ANDINAS (\u00e0 partir de 4 artistes)<\/label><\/li><li class=\"choice-4 depth-1\"><input type=\"checkbox\" id=\"wpforms-1722-field_14_4\" name=\"wpforms[fields][14][]\" value=\"LOS MARIACHIS - MEXICO TRAD (\u00e0 partir de 4 artistes)\"  ><label class=\"wpforms-field-label-inline\" for=\"wpforms-1722-field_14_4\">LOS MARIACHIS - MEXICO TRAD (\u00e0 partir de 4 artistes)<\/label><\/li><li class=\"choice-8 depth-1\"><input type=\"checkbox\" id=\"wpforms-1722-field_14_8\" name=\"wpforms[fields][14][]\" value=\"HIT&#039;ALIA SCUOLA (\u00e0 partir de 4 artistes)\"  ><label class=\"wpforms-field-label-inline\" for=\"wpforms-1722-field_14_8\">HIT'ALIA SCUOLA (\u00e0 partir de 4 artistes)<\/label><\/li><li class=\"choice-9 depth-1\"><input type=\"checkbox\" id=\"wpforms-1722-field_14_9\" name=\"wpforms[fields][14][]\" value=\"ROCK IT LIVE MUSIC AT SCHOOL CONCERT EN ANGLAIS (\u00e0 partir de 4 artistes)\"  ><label class=\"wpforms-field-label-inline\" for=\"wpforms-1722-field_14_9\">ROCK IT LIVE MUSIC AT SCHOOL CONCERT EN ANGLAIS (\u00e0 partir de 4 artistes)<\/label><\/li><\/ul><div class=\"wpforms-field-description\">Concerts v\u00e9ritables avec les artistes professionnels reconnus dans tous lieux (Salle Polyvalente, Hall, R\u00e9fectoire, salles, Salle de spectacle de la ville, Cour de r\u00e9cr\u00e9ation...)<\/div><\/div><div id=\"wpforms-1722-field_18-container\" class=\"wpforms-field wpforms-field-checkbox\" data-field-id=\"18\"><label class=\"wpforms-field-label\" for=\"wpforms-1722-field_18\">DIVERS<\/label><ul id=\"wpforms-1722-field_18\"><li class=\"choice-1 depth-1\"><input type=\"checkbox\" id=\"wpforms-1722-field_18_1\" name=\"wpforms[fields][18][]\" value=\"POUR LE FLAMENCO : Nous ne disposons pas de TABLAO - merci de l&#039;inclure en location \u00e0 la proposition\"  ><label class=\"wpforms-field-label-inline\" for=\"wpforms-1722-field_18_1\">POUR LE FLAMENCO : Nous ne disposons pas de TABLAO - merci de l'inclure en location \u00e0 la proposition<\/label><\/li><li class=\"choice-2 depth-1\"><input type=\"checkbox\" id=\"wpforms-1722-field_18_2\" name=\"wpforms[fields][18][]\" value=\"POUR LES CONCERTS : Nous ne disposons pas de sonorisation - merci de l&#039;inclure en location \u00e0 la proposition \"  ><label class=\"wpforms-field-label-inline\" for=\"wpforms-1722-field_18_2\">POUR LES CONCERTS : Nous ne disposons pas de sonorisation - merci de l'inclure en location \u00e0 la proposition <\/label><\/li><\/ul><\/div><div id=\"wpforms-1722-field_23-container\" class=\"wpforms-field wpforms-field-text\" data-field-id=\"23\"><label class=\"wpforms-field-label\" for=\"wpforms-1722-field_23\">P\u00c9RIODE ANNUELLE ENVISAG\u00c9E (Date \u00e0 Date - Les artistes interviennent de septembre \u00e0 Juin)<\/label><input type=\"text\" id=\"wpforms-1722-field_23\" class=\"wpforms-field-medium\" name=\"wpforms[fields][23]\" ><\/div><div id=\"wpforms-1722-field_24-container\" class=\"wpforms-field wpforms-field-text\" data-field-id=\"24\"><label class=\"wpforms-field-label\" for=\"wpforms-1722-field_24\">D\u00c9COUPAGES HORAIRES DE VOTRE ETABLISSEMENT<\/label><input type=\"text\" id=\"wpforms-1722-field_24\" class=\"wpforms-field-medium\" name=\"wpforms[fields][24]\" ><\/div><div id=\"wpforms-1722-field_25-container\" class=\"wpforms-field wpforms-field-text\" data-field-id=\"25\"><label class=\"wpforms-field-label\" for=\"wpforms-1722-field_25\">CR\u00c9NEAUX HEBDOMADAIRES NON SOUHAIT\u00c9S<\/label><input type=\"text\" id=\"wpforms-1722-field_25\" class=\"wpforms-field-medium\" name=\"wpforms[fields][25]\" ><\/div><div id=\"wpforms-1722-field_26-container\" class=\"wpforms-field wpforms-field-text\" data-field-id=\"26\"><label class=\"wpforms-field-label\" for=\"wpforms-1722-field_26\">DATES NON SOUHAIT\u00c9ES<\/label><input type=\"text\" id=\"wpforms-1722-field_26\" class=\"wpforms-field-medium\" name=\"wpforms[fields][26]\" ><\/div><div id=\"wpforms-1722-field_27-container\" class=\"wpforms-field wpforms-field-text\" data-field-id=\"27\"><label class=\"wpforms-field-label\" for=\"wpforms-1722-field_27\">DATES CR\u00c9NEAUX PR\u00c9CIS ENVISAG\u00c9S : nous ferons notre maximum pour en tenir compte - IB\u00c9RICA c&#039;est 200 EPLE \u00e0 l&#039;ann\u00e9e \ud83d\ude09<\/label><input type=\"text\" id=\"wpforms-1722-field_27\" class=\"wpforms-field-medium\" name=\"wpforms[fields][27]\" ><\/div><\/div><div class=\"wpforms-submit-container\"><input type=\"hidden\" name=\"wpforms[id]\" value=\"1722\"><input type=\"hidden\" name=\"wpforms[author]\" value=\"1\"><button type=\"submit\" name=\"wpforms[submit]\" id=\"wpforms-submit-1722\" class=\"wpforms-submit\" data-alt-text=\"Envoi\" data-submit-text=\"ENVOYER\" aria-live=\"assertive\" value=\"wpforms-submit\">ENVOYER<\/button><\/div><\/form><\/div>  <!-- .wpforms-container -->","protected":false},"excerpt":{"rendered":"<p>TANGO ARGENTIN INTERVENTION SCOLAIRE FRANCE COLL\u00c8GE LYC\u00c9E D\u00e9couvrir le TANGO, son histoire, son parcours, les aspects Danse et Musique, ses origines \u2026S\u2019initier avec des intervenants professionnels reconnus, inscrits dans la musique et la dansedepuis de nombreuses ann\u00e9es \u2026 L\u2019intervention \u00c0 L\u2019\u00c9COLE DU TANGO propose des modules de d\u00e9couverte, d\u2019initiation, desateliers chor\u00e9graphiques et spectacle de proximit\u00e9 [&hellip;]<\/p>\n","protected":false},"author":1,"featured_media":1269,"comment_status":"closed","ping_status":"closed","sticky":false,"template":"","format":"standard","meta":{"_mi_skip_tracking":false,"ngg_post_thumbnail":0},"categories":[63],"tags":[224,662,664,218,661,659,663,660],"yoast_head":"<!-- This site is optimized with the Yoast SEO plugin v18.9 - https:\/\/yoast.com\/wordpress\/plugins\/seo\/ -->\n<title>TANGO ARGENTIN INTERVENTION SCOLAIRE FRANCE LILLE AMIENS<\/title>\n<meta name=\"description\" content=\"TANGO ARGENTIN INTERVENTION SCOLAIRE FRANCE LILLE AMIENS COLLEGE LYCEE UNIVERSITE VALENCIENNES BELGIQUE ROUBAIX TOURCOING DUNKERQUE\" \/>\n<meta name=\"robots\" content=\"index, follow, max-snippet:-1, max-image-preview:large, max-video-preview:-1\" \/>\n<link rel=\"canonical\" href=\"https:\/\/iberica.info\/index.php\/2025\/08\/26\/tango-argentin-intervention-scolaire-france\/\" \/>\n<meta property=\"og:locale\" content=\"fr_FR\" \/>\n<meta property=\"og:type\" content=\"article\" \/>\n<meta property=\"og:title\" content=\"TANGO ARGENTIN INTERVENTION SCOLAIRE FRANCE LILLE AMIENS\" \/>\n<meta property=\"og:description\" content=\"TANGO ARGENTIN INTERVENTION SCOLAIRE FRANCE LILLE AMIENS COLLEGE LYCEE UNIVERSITE VALENCIENNES BELGIQUE ROUBAIX TOURCOING DUNKERQUE\" \/>\n<meta property=\"og:url\" content=\"https:\/\/iberica.info\/index.php\/2025\/08\/26\/tango-argentin-intervention-scolaire-france\/\" \/>\n<meta property=\"og:site_name\" content=\"Ib\u00e9rica Centre de Culture Art &amp; Danse\" \/>\n<meta property=\"article:publisher\" content=\"https:\/\/www.facebook.com\/iberica.nord\" \/>\n<meta property=\"article:published_time\" content=\"2025-08-26T07:54:00+00:00\" \/>\n<meta property=\"article:modified_time\" content=\"2025-09-02T16:55:46+00:00\" \/>\n<meta property=\"og:image\" content=\"https:\/\/iberica.info\/wp-content\/uploads\/2023\/10\/Viva1.jpg\" \/>\n\t<meta property=\"og:image:width\" content=\"900\" \/>\n\t<meta property=\"og:image:height\" content=\"596\" \/>\n\t<meta property=\"og:image:type\" content=\"image\/jpeg\" \/>\n<meta name=\"twitter:card\" content=\"summary\" \/>\n<meta name=\"twitter:label1\" content=\"\u00c9crit par\" \/>\n\t<meta name=\"twitter:data1\" content=\"admin5471\" \/>\n\t<meta name=\"twitter:label2\" content=\"Dur\u00e9e de lecture estim\u00e9e\" \/>\n\t<meta name=\"twitter:data2\" content=\"2 minutes\" \/>\n<script type=\"application\/ld+json\" class=\"yoast-schema-graph\">{\"@context\":\"https:\/\/schema.org\",\"@graph\":[{\"@type\":\"WebSite\",\"@id\":\"https:\/\/iberica.info\/#website\",\"url\":\"https:\/\/iberica.info\/\",\"name\":\"Ib\u00e9rica Centre de Culture Art &amp; Danse\",\"description\":\"Flamenco Fado Gypsy Espagne Portugal Hauts de France - France\",\"potentialAction\":[{\"@type\":\"SearchAction\",\"target\":{\"@type\":\"EntryPoint\",\"urlTemplate\":\"https:\/\/iberica.info\/?s={search_term_string}\"},\"query-input\":\"required name=search_term_string\"}],\"inLanguage\":\"fr-FR\"},{\"@type\":\"ImageObject\",\"inLanguage\":\"fr-FR\",\"@id\":\"https:\/\/iberica.info\/index.php\/2025\/08\/26\/tango-argentin-intervention-scolaire-france\/#primaryimage\",\"url\":\"https:\/\/iberica.info\/wp-content\/uploads\/2023\/10\/Viva1.jpg\",\"contentUrl\":\"https:\/\/iberica.info\/wp-content\/uploads\/2023\/10\/Viva1.jpg\",\"width\":900,\"height\":596,\"caption\":\"TANGO ARGENTIN INTERVENTION SCOLAIRE FRANCE LILLE AMIENS\"},{\"@type\":\"WebPage\",\"@id\":\"https:\/\/iberica.info\/index.php\/2025\/08\/26\/tango-argentin-intervention-scolaire-france\/#webpage\",\"url\":\"https:\/\/iberica.info\/index.php\/2025\/08\/26\/tango-argentin-intervention-scolaire-france\/\",\"name\":\"TANGO ARGENTIN INTERVENTION SCOLAIRE FRANCE LILLE AMIENS\",\"isPartOf\":{\"@id\":\"https:\/\/iberica.info\/#website\"},\"primaryImageOfPage\":{\"@id\":\"https:\/\/iberica.info\/index.php\/2025\/08\/26\/tango-argentin-intervention-scolaire-france\/#primaryimage\"},\"datePublished\":\"2025-08-26T07:54:00+00:00\",\"dateModified\":\"2025-09-02T16:55:46+00:00\",\"author\":{\"@id\":\"https:\/\/iberica.info\/#\/schema\/person\/4a5038550e6f8bcde27f98a074f4a890\"},\"description\":\"TANGO ARGENTIN INTERVENTION SCOLAIRE FRANCE LILLE AMIENS COLLEGE LYCEE UNIVERSITE VALENCIENNES BELGIQUE ROUBAIX TOURCOING DUNKERQUE\",\"breadcrumb\":{\"@id\":\"https:\/\/iberica.info\/index.php\/2025\/08\/26\/tango-argentin-intervention-scolaire-france\/#breadcrumb\"},\"inLanguage\":\"fr-FR\",\"potentialAction\":[{\"@type\":\"ReadAction\",\"target\":[\"https:\/\/iberica.info\/index.php\/2025\/08\/26\/tango-argentin-intervention-scolaire-france\/\"]}]},{\"@type\":\"BreadcrumbList\",\"@id\":\"https:\/\/iberica.info\/index.php\/2025\/08\/26\/tango-argentin-intervention-scolaire-france\/#breadcrumb\",\"itemListElement\":[{\"@type\":\"ListItem\",\"position\":1,\"name\":\"Accueil\",\"item\":\"https:\/\/iberica.info\/\"},{\"@type\":\"ListItem\",\"position\":2,\"name\":\"TANGO ARGENTIN INTERVENTION SCOLAIRE FRANCE\"}]},{\"@type\":\"Person\",\"@id\":\"https:\/\/iberica.info\/#\/schema\/person\/4a5038550e6f8bcde27f98a074f4a890\",\"name\":\"admin5471\",\"image\":{\"@type\":\"ImageObject\",\"inLanguage\":\"fr-FR\",\"@id\":\"https:\/\/iberica.info\/#\/schema\/person\/image\/\",\"url\":\"https:\/\/secure.gravatar.com\/avatar\/537dfb926703a0d39de315aa36c30d08?s=96&d=mm&r=g\",\"contentUrl\":\"https:\/\/secure.gravatar.com\/avatar\/537dfb926703a0d39de315aa36c30d08?s=96&d=mm&r=g\",\"caption\":\"admin5471\"}}]}<\/script>\n<!-- \/ Yoast SEO plugin. -->","yoast_head_json":{"title":"TANGO ARGENTIN INTERVENTION SCOLAIRE FRANCE LILLE AMIENS","description":"TANGO ARGENTIN INTERVENTION SCOLAIRE FRANCE LILLE AMIENS COLLEGE LYCEE UNIVERSITE VALENCIENNES BELGIQUE ROUBAIX TOURCOING DUNKERQUE","robots":{"index":"index","follow":"follow","max-snippet":"max-snippet:-1","max-image-preview":"max-image-preview:large","max-video-preview":"max-video-preview:-1"},"canonical":"https:\/\/iberica.info\/index.php\/2025\/08\/26\/tango-argentin-intervention-scolaire-france\/","og_locale":"fr_FR","og_type":"article","og_title":"TANGO ARGENTIN INTERVENTION SCOLAIRE FRANCE LILLE AMIENS","og_description":"TANGO ARGENTIN INTERVENTION SCOLAIRE FRANCE LILLE AMIENS COLLEGE LYCEE UNIVERSITE VALENCIENNES BELGIQUE ROUBAIX TOURCOING DUNKERQUE","og_url":"https:\/\/iberica.info\/index.php\/2025\/08\/26\/tango-argentin-intervention-scolaire-france\/","og_site_name":"Ib\u00e9rica Centre de Culture Art &amp; Danse","article_publisher":"https:\/\/www.facebook.com\/iberica.nord","article_published_time":"2025-08-26T07:54:00+00:00","article_modified_time":"2025-09-02T16:55:46+00:00","og_image":[{"width":900,"height":596,"url":"https:\/\/iberica.info\/wp-content\/uploads\/2023\/10\/Viva1.jpg","type":"image\/jpeg"}],"twitter_card":"summary","twitter_misc":{"\u00c9crit par":"admin5471","Dur\u00e9e de lecture estim\u00e9e":"2 minutes"},"schema":{"@context":"https:\/\/schema.org","@graph":[{"@type":"WebSite","@id":"https:\/\/iberica.info\/#website","url":"https:\/\/iberica.info\/","name":"Ib\u00e9rica Centre de Culture Art &amp; Danse","description":"Flamenco Fado Gypsy Espagne Portugal Hauts de France - France","potentialAction":[{"@type":"SearchAction","target":{"@type":"EntryPoint","urlTemplate":"https:\/\/iberica.info\/?s={search_term_string}"},"query-input":"required name=search_term_string"}],"inLanguage":"fr-FR"},{"@type":"ImageObject","inLanguage":"fr-FR","@id":"https:\/\/iberica.info\/index.php\/2025\/08\/26\/tango-argentin-intervention-scolaire-france\/#primaryimage","url":"https:\/\/iberica.info\/wp-content\/uploads\/2023\/10\/Viva1.jpg","contentUrl":"https:\/\/iberica.info\/wp-content\/uploads\/2023\/10\/Viva1.jpg","width":900,"height":596,"caption":"TANGO ARGENTIN INTERVENTION SCOLAIRE FRANCE LILLE AMIENS"},{"@type":"WebPage","@id":"https:\/\/iberica.info\/index.php\/2025\/08\/26\/tango-argentin-intervention-scolaire-france\/#webpage","url":"https:\/\/iberica.info\/index.php\/2025\/08\/26\/tango-argentin-intervention-scolaire-france\/","name":"TANGO ARGENTIN INTERVENTION SCOLAIRE FRANCE LILLE AMIENS","isPartOf":{"@id":"https:\/\/iberica.info\/#website"},"primaryImageOfPage":{"@id":"https:\/\/iberica.info\/index.php\/2025\/08\/26\/tango-argentin-intervention-scolaire-france\/#primaryimage"},"datePublished":"2025-08-26T07:54:00+00:00","dateModified":"2025-09-02T16:55:46+00:00","author":{"@id":"https:\/\/iberica.info\/#\/schema\/person\/4a5038550e6f8bcde27f98a074f4a890"},"description":"TANGO ARGENTIN INTERVENTION SCOLAIRE FRANCE LILLE AMIENS COLLEGE LYCEE UNIVERSITE VALENCIENNES BELGIQUE ROUBAIX TOURCOING DUNKERQUE","breadcrumb":{"@id":"https:\/\/iberica.info\/index.php\/2025\/08\/26\/tango-argentin-intervention-scolaire-france\/#breadcrumb"},"inLanguage":"fr-FR","potentialAction":[{"@type":"ReadAction","target":["https:\/\/iberica.info\/index.php\/2025\/08\/26\/tango-argentin-intervention-scolaire-france\/"]}]},{"@type":"BreadcrumbList","@id":"https:\/\/iberica.info\/index.php\/2025\/08\/26\/tango-argentin-intervention-scolaire-france\/#breadcrumb","itemListElement":[{"@type":"ListItem","position":1,"name":"Accueil","item":"https:\/\/iberica.info\/"},{"@type":"ListItem","position":2,"name":"TANGO ARGENTIN INTERVENTION SCOLAIRE FRANCE"}]},{"@type":"Person","@id":"https:\/\/iberica.info\/#\/schema\/person\/4a5038550e6f8bcde27f98a074f4a890","name":"admin5471","image":{"@type":"ImageObject","inLanguage":"fr-FR","@id":"https:\/\/iberica.info\/#\/schema\/person\/image\/","url":"https:\/\/secure.gravatar.com\/avatar\/537dfb926703a0d39de315aa36c30d08?s=96&d=mm&r=g","contentUrl":"https:\/\/secure.gravatar.com\/avatar\/537dfb926703a0d39de315aa36c30d08?s=96&d=mm&r=g","caption":"admin5471"}}]}},"_links":{"self":[{"href":"https:\/\/iberica.info\/index.php\/wp-json\/wp\/v2\/posts\/1267"}],"collection":[{"href":"https:\/\/iberica.info\/index.php\/wp-json\/wp\/v2\/posts"}],"about":[{"href":"https:\/\/iberica.info\/index.php\/wp-json\/wp\/v2\/types\/post"}],"author":[{"embeddable":true,"href":"https:\/\/iberica.info\/index.php\/wp-json\/wp\/v2\/users\/1"}],"replies":[{"embeddable":true,"href":"https:\/\/iberica.info\/index.php\/wp-json\/wp\/v2\/comments?post=1267"}],"version-history":[{"count":2,"href":"https:\/\/iberica.info\/index.php\/wp-json\/wp\/v2\/posts\/1267\/revisions"}],"predecessor-version":[{"id":1750,"href":"https:\/\/iberica.info\/index.php\/wp-json\/wp\/v2\/posts\/1267\/revisions\/1750"}],"wp:featuredmedia":[{"embeddable":true,"href":"https:\/\/iberica.info\/index.php\/wp-json\/wp\/v2\/media\/1269"}],"wp:attachment":[{"href":"https:\/\/iberica.info\/index.php\/wp-json\/wp\/v2\/media?parent=1267"}],"wp:term":[{"taxonomy":"category","embeddable":true,"href":"https:\/\/iberica.info\/index.php\/wp-json\/wp\/v2\/categories?post=1267"},{"taxonomy":"post_tag","embeddable":true,"href":"https:\/\/iberica.info\/index.php\/wp-json\/wp\/v2\/tags?post=1267"}],"curies":[{"name":"wp","href":"https:\/\/api.w.org\/{rel}","templated":true}]}}