{"id":130,"date":"2017-06-16T20:07:18","date_gmt":"2017-06-16T18:07:18","guid":{"rendered":"http:\/\/iberica.info\/?p=130"},"modified":"2025-07-30T14:30:52","modified_gmt":"2025-07-30T12:30:52","slug":"votre-evenement-iberique-a-la-carte-paella-tapas","status":"publish","type":"post","link":"https:\/\/iberica.info\/index.php\/2017\/06\/16\/votre-evenement-iberique-a-la-carte-paella-tapas\/","title":{"rendered":"VOTRE \u00c9V\u00c9NEMENT IB\u00c9RIQUE \u00e0 La Carte PAELLA TAPAS"},"content":{"rendered":"<p>L&#8217;ORGANISATION DE REPAS TAPAS PETISCOS<\/p>\n<p><strong>Les Tapas et petiscos<\/strong><br \/>\nNos \u00e9quipes peuvent \u00e9galement pr\u00e9parer et effectuer le service d&#8217;un v\u00e9ritable repas Portugais ou espagnol, des tapas ou Petiscos (Jambon Serrano \u00e0 la Pata Negra, Beignets de Morue, Chorizo, Albondigas, Tortilla, Moellas (g\u00e9siers) \u2026. ) un v\u00e9ritable panel de produits Ib\u00e9riques directement import\u00e9s par des professionnels partenaires.<\/p>\n<p><strong>Les plats<\/strong><br \/>\nLa Paella ou Arroz a la tinta, le Chili con Carne, le Cochon de lait pour les plats Espagnols ; La morue Racheado, Arroz Marisco, le Poulet \u00e0 la Portugaise, Le cozido, La Feijoada \u2026 pour les Plats Portugais.<br \/>\nJusqu&#8217;aux plats Br\u00e9siliens, tout est possible.<\/p>\n<p><strong>Les desserts<\/strong><br \/>\nUn large \u00e9ventail de desserts : Pudim Portugais aux Pasteis de nata (flans de Lisbonne), du Riz au lait typique Ib\u00e9rique \u00e0 la crema catalana, de nombreuses possibilit\u00e9s sont envisageables.<\/p>\n<p><strong>Les Boissons<\/strong><br \/>\nUn v\u00e9ritable d\u00e9paysement avec des boissons, alcoolis\u00e9es ou non, import\u00e9es directement d&#8217;Espagne et\/ou du Portugal. Du vin de Porto 15 ans d&#8217;\u00e2ge, au Mad\u00e8re, du M\u00e1laga au Moscatel.<br \/>\nUne large gamme de vins Rioja, Douro, Alentejo\u2026 Ca p\u00e9tille avec son Cava ou Frexenet \u2026. Sans oublier La Sangria del Rey !<br \/>\nEnfin Retrouvez les Sumols laranja et anan\u00e1s ou encore les eaux typiques Casera ou Agua das Pedras.<\/p>\n<p>TEL : + 33 (0)7 89 82 65 77<\/p>\n<p>MEL : iberica @ live.fr<\/p>\n","protected":false},"excerpt":{"rendered":"<p>L&#8217;ORGANISATION DE REPAS TAPAS PETISCOS Les Tapas et petiscos Nos \u00e9quipes peuvent \u00e9galement pr\u00e9parer et effectuer le service d&#8217;un v\u00e9ritable repas Portugais ou espagnol, des tapas ou Petiscos (Jambon Serrano \u00e0 la Pata Negra, Beignets de Morue, Chorizo, Albondigas, Tortilla, Moellas (g\u00e9siers) \u2026. ) un v\u00e9ritable panel de produits Ib\u00e9riques directement import\u00e9s par des professionnels [&hellip;]<\/p>\n","protected":false},"author":1,"featured_media":0,"comment_status":"closed","ping_status":"closed","sticky":false,"template":"","format":"standard","meta":{"_mi_skip_tracking":false,"ngg_post_thumbnail":0},"categories":[5],"tags":[50,51,56,55,52,44,45,46,53,54,47,48,49],"yoast_head":"<!-- This site is optimized with the Yoast SEO plugin v18.9 - https:\/\/yoast.com\/wordpress\/plugins\/seo\/ -->\n<title>VOTRE \u00c9V\u00c9NEMENT IB\u00c9RIQUE \u00e0 La Carte PAELLA TAPAS - Ib\u00e9rica Centre de Culture Art &amp; Danse<\/title>\n<meta name=\"robots\" content=\"index, follow, max-snippet:-1, max-image-preview:large, max-video-preview:-1\" \/>\n<link rel=\"canonical\" href=\"http:\/\/iberica.info\/index.php\/2017\/06\/16\/votre-evenement-iberique-a-la-carte-paella-tapas\/\" \/>\n<meta property=\"og:locale\" content=\"fr_FR\" \/>\n<meta property=\"og:type\" content=\"article\" \/>\n<meta property=\"og:title\" content=\"VOTRE \u00c9V\u00c9NEMENT IB\u00c9RIQUE \u00e0 La Carte PAELLA TAPAS - Ib\u00e9rica Centre de Culture Art &amp; Danse\" \/>\n<meta property=\"og:description\" content=\"L&#8217;ORGANISATION DE REPAS TAPAS PETISCOS Les Tapas et petiscos Nos \u00e9quipes peuvent \u00e9galement pr\u00e9parer et effectuer le service d&#8217;un v\u00e9ritable repas Portugais ou espagnol, des tapas ou Petiscos (Jambon Serrano \u00e0 la Pata Negra, Beignets de Morue, Chorizo, Albondigas, Tortilla, Moellas (g\u00e9siers) \u2026. ) un v\u00e9ritable panel de produits Ib\u00e9riques directement import\u00e9s par des professionnels [&hellip;]\" \/>\n<meta property=\"og:url\" content=\"http:\/\/iberica.info\/index.php\/2017\/06\/16\/votre-evenement-iberique-a-la-carte-paella-tapas\/\" \/>\n<meta property=\"og:site_name\" content=\"Ib\u00e9rica Centre de Culture Art &amp; Danse\" \/>\n<meta property=\"article:publisher\" content=\"https:\/\/www.facebook.com\/iberica.nord\" \/>\n<meta property=\"article:published_time\" content=\"2017-06-16T18:07:18+00:00\" \/>\n<meta property=\"article:modified_time\" content=\"2025-07-30T12:30:52+00:00\" \/>\n<meta name=\"twitter:card\" content=\"summary\" \/>\n<meta name=\"twitter:label1\" content=\"\u00c9crit par\" \/>\n\t<meta name=\"twitter:data1\" content=\"admin5471\" \/>\n\t<meta name=\"twitter:label2\" content=\"Dur\u00e9e de lecture estim\u00e9e\" \/>\n\t<meta name=\"twitter:data2\" content=\"2 minutes\" \/>\n<script type=\"application\/ld+json\" class=\"yoast-schema-graph\">{\"@context\":\"https:\/\/schema.org\",\"@graph\":[{\"@type\":\"WebSite\",\"@id\":\"https:\/\/iberica.info\/#website\",\"url\":\"https:\/\/iberica.info\/\",\"name\":\"Ib\u00e9rica Centre de Culture Art &amp; Danse\",\"description\":\"Flamenco Fado Gypsy Espagne Portugal Hauts de France - France\",\"potentialAction\":[{\"@type\":\"SearchAction\",\"target\":{\"@type\":\"EntryPoint\",\"urlTemplate\":\"https:\/\/iberica.info\/?s={search_term_string}\"},\"query-input\":\"required name=search_term_string\"}],\"inLanguage\":\"fr-FR\"},{\"@type\":\"WebPage\",\"@id\":\"http:\/\/iberica.info\/index.php\/2017\/06\/16\/votre-evenement-iberique-a-la-carte-paella-tapas\/#webpage\",\"url\":\"http:\/\/iberica.info\/index.php\/2017\/06\/16\/votre-evenement-iberique-a-la-carte-paella-tapas\/\",\"name\":\"VOTRE \u00c9V\u00c9NEMENT IB\u00c9RIQUE \u00e0 La Carte PAELLA TAPAS - Ib\u00e9rica Centre de Culture Art &amp; Danse\",\"isPartOf\":{\"@id\":\"https:\/\/iberica.info\/#website\"},\"datePublished\":\"2017-06-16T18:07:18+00:00\",\"dateModified\":\"2025-07-30T12:30:52+00:00\",\"author\":{\"@id\":\"https:\/\/iberica.info\/#\/schema\/person\/4a5038550e6f8bcde27f98a074f4a890\"},\"breadcrumb\":{\"@id\":\"http:\/\/iberica.info\/index.php\/2017\/06\/16\/votre-evenement-iberique-a-la-carte-paella-tapas\/#breadcrumb\"},\"inLanguage\":\"fr-FR\",\"potentialAction\":[{\"@type\":\"ReadAction\",\"target\":[\"http:\/\/iberica.info\/index.php\/2017\/06\/16\/votre-evenement-iberique-a-la-carte-paella-tapas\/\"]}]},{\"@type\":\"BreadcrumbList\",\"@id\":\"http:\/\/iberica.info\/index.php\/2017\/06\/16\/votre-evenement-iberique-a-la-carte-paella-tapas\/#breadcrumb\",\"itemListElement\":[{\"@type\":\"ListItem\",\"position\":1,\"name\":\"Accueil\",\"item\":\"https:\/\/iberica.info\/\"},{\"@type\":\"ListItem\",\"position\":2,\"name\":\"VOTRE \u00c9V\u00c9NEMENT IB\u00c9RIQUE \u00e0 La Carte PAELLA TAPAS\"}]},{\"@type\":\"Person\",\"@id\":\"https:\/\/iberica.info\/#\/schema\/person\/4a5038550e6f8bcde27f98a074f4a890\",\"name\":\"admin5471\",\"image\":{\"@type\":\"ImageObject\",\"inLanguage\":\"fr-FR\",\"@id\":\"https:\/\/iberica.info\/#\/schema\/person\/image\/\",\"url\":\"https:\/\/secure.gravatar.com\/avatar\/537dfb926703a0d39de315aa36c30d08?s=96&d=mm&r=g\",\"contentUrl\":\"https:\/\/secure.gravatar.com\/avatar\/537dfb926703a0d39de315aa36c30d08?s=96&d=mm&r=g\",\"caption\":\"admin5471\"}}]}<\/script>\n<!-- \/ Yoast SEO plugin. -->","yoast_head_json":{"title":"VOTRE \u00c9V\u00c9NEMENT IB\u00c9RIQUE \u00e0 La Carte PAELLA TAPAS - Ib\u00e9rica Centre de Culture Art &amp; Danse","robots":{"index":"index","follow":"follow","max-snippet":"max-snippet:-1","max-image-preview":"max-image-preview:large","max-video-preview":"max-video-preview:-1"},"canonical":"http:\/\/iberica.info\/index.php\/2017\/06\/16\/votre-evenement-iberique-a-la-carte-paella-tapas\/","og_locale":"fr_FR","og_type":"article","og_title":"VOTRE \u00c9V\u00c9NEMENT IB\u00c9RIQUE \u00e0 La Carte PAELLA TAPAS - Ib\u00e9rica Centre de Culture Art &amp; Danse","og_description":"L&#8217;ORGANISATION DE REPAS TAPAS PETISCOS Les Tapas et petiscos Nos \u00e9quipes peuvent \u00e9galement pr\u00e9parer et effectuer le service d&#8217;un v\u00e9ritable repas Portugais ou espagnol, des tapas ou Petiscos (Jambon Serrano \u00e0 la Pata Negra, Beignets de Morue, Chorizo, Albondigas, Tortilla, Moellas (g\u00e9siers) \u2026. ) un v\u00e9ritable panel de produits Ib\u00e9riques directement import\u00e9s par des professionnels [&hellip;]","og_url":"http:\/\/iberica.info\/index.php\/2017\/06\/16\/votre-evenement-iberique-a-la-carte-paella-tapas\/","og_site_name":"Ib\u00e9rica Centre de Culture Art &amp; Danse","article_publisher":"https:\/\/www.facebook.com\/iberica.nord","article_published_time":"2017-06-16T18:07:18+00:00","article_modified_time":"2025-07-30T12:30:52+00:00","twitter_card":"summary","twitter_misc":{"\u00c9crit par":"admin5471","Dur\u00e9e de lecture estim\u00e9e":"2 minutes"},"schema":{"@context":"https:\/\/schema.org","@graph":[{"@type":"WebSite","@id":"https:\/\/iberica.info\/#website","url":"https:\/\/iberica.info\/","name":"Ib\u00e9rica Centre de Culture Art &amp; Danse","description":"Flamenco Fado Gypsy Espagne Portugal Hauts de France - France","potentialAction":[{"@type":"SearchAction","target":{"@type":"EntryPoint","urlTemplate":"https:\/\/iberica.info\/?s={search_term_string}"},"query-input":"required name=search_term_string"}],"inLanguage":"fr-FR"},{"@type":"WebPage","@id":"http:\/\/iberica.info\/index.php\/2017\/06\/16\/votre-evenement-iberique-a-la-carte-paella-tapas\/#webpage","url":"http:\/\/iberica.info\/index.php\/2017\/06\/16\/votre-evenement-iberique-a-la-carte-paella-tapas\/","name":"VOTRE \u00c9V\u00c9NEMENT IB\u00c9RIQUE \u00e0 La Carte PAELLA TAPAS - Ib\u00e9rica Centre de Culture Art &amp; Danse","isPartOf":{"@id":"https:\/\/iberica.info\/#website"},"datePublished":"2017-06-16T18:07:18+00:00","dateModified":"2025-07-30T12:30:52+00:00","author":{"@id":"https:\/\/iberica.info\/#\/schema\/person\/4a5038550e6f8bcde27f98a074f4a890"},"breadcrumb":{"@id":"http:\/\/iberica.info\/index.php\/2017\/06\/16\/votre-evenement-iberique-a-la-carte-paella-tapas\/#breadcrumb"},"inLanguage":"fr-FR","potentialAction":[{"@type":"ReadAction","target":["http:\/\/iberica.info\/index.php\/2017\/06\/16\/votre-evenement-iberique-a-la-carte-paella-tapas\/"]}]},{"@type":"BreadcrumbList","@id":"http:\/\/iberica.info\/index.php\/2017\/06\/16\/votre-evenement-iberique-a-la-carte-paella-tapas\/#breadcrumb","itemListElement":[{"@type":"ListItem","position":1,"name":"Accueil","item":"https:\/\/iberica.info\/"},{"@type":"ListItem","position":2,"name":"VOTRE \u00c9V\u00c9NEMENT IB\u00c9RIQUE \u00e0 La Carte PAELLA TAPAS"}]},{"@type":"Person","@id":"https:\/\/iberica.info\/#\/schema\/person\/4a5038550e6f8bcde27f98a074f4a890","name":"admin5471","image":{"@type":"ImageObject","inLanguage":"fr-FR","@id":"https:\/\/iberica.info\/#\/schema\/person\/image\/","url":"https:\/\/secure.gravatar.com\/avatar\/537dfb926703a0d39de315aa36c30d08?s=96&d=mm&r=g","contentUrl":"https:\/\/secure.gravatar.com\/avatar\/537dfb926703a0d39de315aa36c30d08?s=96&d=mm&r=g","caption":"admin5471"}}]}},"_links":{"self":[{"href":"https:\/\/iberica.info\/index.php\/wp-json\/wp\/v2\/posts\/130"}],"collection":[{"href":"https:\/\/iberica.info\/index.php\/wp-json\/wp\/v2\/posts"}],"about":[{"href":"https:\/\/iberica.info\/index.php\/wp-json\/wp\/v2\/types\/post"}],"author":[{"embeddable":true,"href":"https:\/\/iberica.info\/index.php\/wp-json\/wp\/v2\/users\/1"}],"replies":[{"embeddable":true,"href":"https:\/\/iberica.info\/index.php\/wp-json\/wp\/v2\/comments?post=130"}],"version-history":[{"count":2,"href":"https:\/\/iberica.info\/index.php\/wp-json\/wp\/v2\/posts\/130\/revisions"}],"predecessor-version":[{"id":803,"href":"https:\/\/iberica.info\/index.php\/wp-json\/wp\/v2\/posts\/130\/revisions\/803"}],"wp:attachment":[{"href":"https:\/\/iberica.info\/index.php\/wp-json\/wp\/v2\/media?parent=130"}],"wp:term":[{"taxonomy":"category","embeddable":true,"href":"https:\/\/iberica.info\/index.php\/wp-json\/wp\/v2\/categories?post=130"},{"taxonomy":"post_tag","embeddable":true,"href":"https:\/\/iberica.info\/index.php\/wp-json\/wp\/v2\/tags?post=130"}],"curies":[{"name":"wp","href":"https:\/\/api.w.org\/{rel}","templated":true}]}}