{"id":571,"date":"2019-02-12T21:28:26","date_gmt":"2019-02-12T20:28:26","guid":{"rendered":"http:\/\/iberica.info\/?p=571"},"modified":"2025-07-30T14:31:10","modified_gmt":"2025-07-30T12:31:10","slug":"stage-flamenco-lille-yurentz-bermudez-16-17-mars-2019","status":"publish","type":"post","link":"https:\/\/iberica.info\/index.php\/2019\/02\/12\/stage-flamenco-lille-yurentz-bermudez-16-17-mars-2019\/","title":{"rendered":"STAGE FLAMENCO LILLE avec Y\u00daRENTZ BERM\u00daDEZ 16 &#038; 17 Mars 2019"},"content":{"rendered":"<figure id=\"attachment_572\" aria-describedby=\"caption-attachment-572\" style=\"width: 940px\" class=\"wp-caption aligncenter\"><img loading=\"lazy\" class=\"size-full wp-image-572\" src=\"http:\/\/iberica.info\/wp-content\/uploads\/2019\/02\/19-03-16-17-STAGE-FLAMENCO-LILLE-Y\u00farentz-Berm\u00fandez-Pe\u00f1a-Estrella-Ib\u00e9rica.png\" alt=\"19 03 16 17 STAGE FLAMENCO LILLE Y\u00farentz Berm\u00fandez Pe\u00f1a Estrella Ib\u00e9rica\" width=\"940\" height=\"788\" srcset=\"https:\/\/iberica.info\/wp-content\/uploads\/2019\/02\/19-03-16-17-STAGE-FLAMENCO-LILLE-Y\u00farentz-Berm\u00fandez-Pe\u00f1a-Estrella-Ib\u00e9rica.png 940w, https:\/\/iberica.info\/wp-content\/uploads\/2019\/02\/19-03-16-17-STAGE-FLAMENCO-LILLE-Y\u00farentz-Berm\u00fandez-Pe\u00f1a-Estrella-Ib\u00e9rica-300x251.png 300w, https:\/\/iberica.info\/wp-content\/uploads\/2019\/02\/19-03-16-17-STAGE-FLAMENCO-LILLE-Y\u00farentz-Berm\u00fandez-Pe\u00f1a-Estrella-Ib\u00e9rica-768x644.png 768w, https:\/\/iberica.info\/wp-content\/uploads\/2019\/02\/19-03-16-17-STAGE-FLAMENCO-LILLE-Y\u00farentz-Berm\u00fandez-Pe\u00f1a-Estrella-Ib\u00e9rica-750x629.png 750w\" sizes=\"(max-width: 940px) 100vw, 940px\" \/><figcaption id=\"caption-attachment-572\" class=\"wp-caption-text\">19 03 16 17 STAGE FLAMENCO LILLE Y\u00farentz Berm\u00fandez Pe\u00f1a Estrella Ib\u00e9rica<\/figcaption><\/figure>\n<p>La pe\u00f1a Estrella vous propose en partenariat avec la pe\u00f1a Ib\u00e9rica un stage avec l&#8217;excellent Danseur Y\u00farentz Berm\u00fadez.<\/p>\n<p>\u00c0 vos calendriers : 16 &amp; 17\/03<\/p>\n<p>D\u00e9butants : 1 \u00e0 3 ans de danse, le style abord\u00e9 sera le tango &#8211; SAM &amp; DIM \/ 14h15 \u00e0 15h45.<\/p>\n<p>Interm\u00e9diaires : 3 \u00e0 5 ans, Buleria fin de fiesta &#8211; SAM &amp; DIM \/ 16h \u00e0 17h30.<\/p>\n<p>Contenu des s\u00e9ances :<br \/>\n\u00c9tude de diff\u00e9rentes techniques associ\u00e9es au Palos du tango et \u00e0 la buleria de fin de fiesta.<br \/>\nExpression corporelle et gestuelle en ad\u00e9quation avec la philosophie<br \/>\net l&#8217;esprit du Palos abord\u00e9.<br \/>\nCe stage vous permettra de ressentir le Duende, de vous en impr\u00e9gner, pour mieux le restituer dans l&#8217;accomplissement de votre danse.<\/p>\n<p>TARIF : 40\u20ac \/ 35\u20ac pour les adh\u00e9rents de l&#8217;association Pe\u00f1a Estrella et Pe\u00f1a Ib\u00e9rica.<\/p>\n<p>Inscriptions : 06.05.43.41.68 \/ penaestrella@outlook.fr<\/p>\n<p><a href=\"http:\/\/penaestrella.fr\">penaestrella.fr<\/a><\/p>\n","protected":false},"excerpt":{"rendered":"<p>La pe\u00f1a Estrella vous propose en partenariat avec la pe\u00f1a Ib\u00e9rica un stage avec l&#8217;excellent Danseur Y\u00farentz Berm\u00fadez. \u00c0 vos calendriers : 16 &amp; 17\/03 D\u00e9butants : 1 \u00e0 3 ans de danse, le style abord\u00e9 sera le tango &#8211; SAM &amp; DIM \/ 14h15 \u00e0 15h45. Interm\u00e9diaires : 3 \u00e0 5 ans, Buleria fin [&hellip;]<\/p>\n","protected":false},"author":1,"featured_media":572,"comment_status":"closed","ping_status":"closed","sticky":false,"template":"","format":"standard","meta":{"_mi_skip_tracking":false,"ngg_post_thumbnail":0},"categories":[1],"tags":[276,275,213,278,169,103,104,277,105,141,204,280,279,242],"yoast_head":"<!-- This site is optimized with the Yoast SEO plugin v18.9 - https:\/\/yoast.com\/wordpress\/plugins\/seo\/ -->\n<title>STAGE FLAMENCO LILLE avec Y\u00daRENTZ BERM\u00daDEZ 16 &amp; 17 Mars 2019 - Ib\u00e9rica Centre de Culture Art &amp; Danse<\/title>\n<meta name=\"robots\" content=\"index, follow, max-snippet:-1, max-image-preview:large, max-video-preview:-1\" \/>\n<link rel=\"canonical\" href=\"https:\/\/iberica.info\/index.php\/2019\/02\/12\/stage-flamenco-lille-yurentz-bermudez-16-17-mars-2019\/\" \/>\n<meta property=\"og:locale\" content=\"fr_FR\" \/>\n<meta property=\"og:type\" content=\"article\" \/>\n<meta property=\"og:title\" content=\"STAGE FLAMENCO LILLE avec Y\u00daRENTZ BERM\u00daDEZ 16 &amp; 17 Mars 2019 - Ib\u00e9rica Centre de Culture Art &amp; Danse\" \/>\n<meta property=\"og:description\" content=\"La pe\u00f1a Estrella vous propose en partenariat avec la pe\u00f1a Ib\u00e9rica un stage avec l&#8217;excellent Danseur Y\u00farentz Berm\u00fadez. \u00c0 vos calendriers : 16 &amp; 17\/03 D\u00e9butants : 1 \u00e0 3 ans de danse, le style abord\u00e9 sera le tango &#8211; SAM &amp; DIM \/ 14h15 \u00e0 15h45. Interm\u00e9diaires : 3 \u00e0 5 ans, Buleria fin [&hellip;]\" \/>\n<meta property=\"og:url\" content=\"https:\/\/iberica.info\/index.php\/2019\/02\/12\/stage-flamenco-lille-yurentz-bermudez-16-17-mars-2019\/\" \/>\n<meta property=\"og:site_name\" content=\"Ib\u00e9rica Centre de Culture Art &amp; Danse\" \/>\n<meta property=\"article:publisher\" content=\"https:\/\/www.facebook.com\/iberica.nord\" \/>\n<meta property=\"article:published_time\" content=\"2019-02-12T20:28:26+00:00\" \/>\n<meta property=\"article:modified_time\" content=\"2025-07-30T12:31:10+00:00\" \/>\n<meta property=\"og:image\" content=\"https:\/\/iberica.info\/wp-content\/uploads\/2019\/02\/19-03-16-17-STAGE-FLAMENCO-LILLE-Y\u00farentz-Berm\u00fandez-Pe\u00f1a-Estrella-Ib\u00e9rica.png\" \/>\n\t<meta property=\"og:image:width\" content=\"940\" \/>\n\t<meta property=\"og:image:height\" content=\"788\" \/>\n\t<meta property=\"og:image:type\" content=\"image\/png\" \/>\n<meta name=\"twitter:card\" content=\"summary\" \/>\n<meta name=\"twitter:label1\" content=\"\u00c9crit par\" \/>\n\t<meta name=\"twitter:data1\" content=\"admin5471\" \/>\n\t<meta name=\"twitter:label2\" content=\"Dur\u00e9e de lecture estim\u00e9e\" \/>\n\t<meta name=\"twitter:data2\" content=\"1 minute\" \/>\n<script type=\"application\/ld+json\" class=\"yoast-schema-graph\">{\"@context\":\"https:\/\/schema.org\",\"@graph\":[{\"@type\":\"WebSite\",\"@id\":\"https:\/\/iberica.info\/#website\",\"url\":\"https:\/\/iberica.info\/\",\"name\":\"Ib\u00e9rica Centre de Culture Art &amp; Danse\",\"description\":\"Flamenco Fado Gypsy Espagne Portugal Hauts de France - France\",\"potentialAction\":[{\"@type\":\"SearchAction\",\"target\":{\"@type\":\"EntryPoint\",\"urlTemplate\":\"https:\/\/iberica.info\/?s={search_term_string}\"},\"query-input\":\"required name=search_term_string\"}],\"inLanguage\":\"fr-FR\"},{\"@type\":\"ImageObject\",\"inLanguage\":\"fr-FR\",\"@id\":\"https:\/\/iberica.info\/index.php\/2019\/02\/12\/stage-flamenco-lille-yurentz-bermudez-16-17-mars-2019\/#primaryimage\",\"url\":\"https:\/\/iberica.info\/wp-content\/uploads\/2019\/02\/19-03-16-17-STAGE-FLAMENCO-LILLE-Y\u00farentz-Berm\u00fandez-Pe\u00f1a-Estrella-Ib\u00e9rica.png\",\"contentUrl\":\"https:\/\/iberica.info\/wp-content\/uploads\/2019\/02\/19-03-16-17-STAGE-FLAMENCO-LILLE-Y\u00farentz-Berm\u00fandez-Pe\u00f1a-Estrella-Ib\u00e9rica.png\",\"width\":940,\"height\":788,\"caption\":\"19 03 16 17 STAGE FLAMENCO LILLE Y\u00farentz Berm\u00fandez Pe\u00f1a Estrella Ib\u00e9rica\"},{\"@type\":\"WebPage\",\"@id\":\"https:\/\/iberica.info\/index.php\/2019\/02\/12\/stage-flamenco-lille-yurentz-bermudez-16-17-mars-2019\/#webpage\",\"url\":\"https:\/\/iberica.info\/index.php\/2019\/02\/12\/stage-flamenco-lille-yurentz-bermudez-16-17-mars-2019\/\",\"name\":\"STAGE FLAMENCO LILLE avec Y\u00daRENTZ BERM\u00daDEZ 16 & 17 Mars 2019 - Ib\u00e9rica Centre de Culture Art &amp; Danse\",\"isPartOf\":{\"@id\":\"https:\/\/iberica.info\/#website\"},\"primaryImageOfPage\":{\"@id\":\"https:\/\/iberica.info\/index.php\/2019\/02\/12\/stage-flamenco-lille-yurentz-bermudez-16-17-mars-2019\/#primaryimage\"},\"datePublished\":\"2019-02-12T20:28:26+00:00\",\"dateModified\":\"2025-07-30T12:31:10+00:00\",\"author\":{\"@id\":\"https:\/\/iberica.info\/#\/schema\/person\/4a5038550e6f8bcde27f98a074f4a890\"},\"breadcrumb\":{\"@id\":\"https:\/\/iberica.info\/index.php\/2019\/02\/12\/stage-flamenco-lille-yurentz-bermudez-16-17-mars-2019\/#breadcrumb\"},\"inLanguage\":\"fr-FR\",\"potentialAction\":[{\"@type\":\"ReadAction\",\"target\":[\"https:\/\/iberica.info\/index.php\/2019\/02\/12\/stage-flamenco-lille-yurentz-bermudez-16-17-mars-2019\/\"]}]},{\"@type\":\"BreadcrumbList\",\"@id\":\"https:\/\/iberica.info\/index.php\/2019\/02\/12\/stage-flamenco-lille-yurentz-bermudez-16-17-mars-2019\/#breadcrumb\",\"itemListElement\":[{\"@type\":\"ListItem\",\"position\":1,\"name\":\"Accueil\",\"item\":\"https:\/\/iberica.info\/\"},{\"@type\":\"ListItem\",\"position\":2,\"name\":\"STAGE FLAMENCO LILLE avec Y\u00daRENTZ BERM\u00daDEZ 16 &#038; 17 Mars 2019\"}]},{\"@type\":\"Person\",\"@id\":\"https:\/\/iberica.info\/#\/schema\/person\/4a5038550e6f8bcde27f98a074f4a890\",\"name\":\"admin5471\",\"image\":{\"@type\":\"ImageObject\",\"inLanguage\":\"fr-FR\",\"@id\":\"https:\/\/iberica.info\/#\/schema\/person\/image\/\",\"url\":\"https:\/\/secure.gravatar.com\/avatar\/537dfb926703a0d39de315aa36c30d08?s=96&d=mm&r=g\",\"contentUrl\":\"https:\/\/secure.gravatar.com\/avatar\/537dfb926703a0d39de315aa36c30d08?s=96&d=mm&r=g\",\"caption\":\"admin5471\"}}]}<\/script>\n<!-- \/ Yoast SEO plugin. -->","yoast_head_json":{"title":"STAGE FLAMENCO LILLE avec Y\u00daRENTZ BERM\u00daDEZ 16 & 17 Mars 2019 - Ib\u00e9rica Centre de Culture Art &amp; Danse","robots":{"index":"index","follow":"follow","max-snippet":"max-snippet:-1","max-image-preview":"max-image-preview:large","max-video-preview":"max-video-preview:-1"},"canonical":"https:\/\/iberica.info\/index.php\/2019\/02\/12\/stage-flamenco-lille-yurentz-bermudez-16-17-mars-2019\/","og_locale":"fr_FR","og_type":"article","og_title":"STAGE FLAMENCO LILLE avec Y\u00daRENTZ BERM\u00daDEZ 16 & 17 Mars 2019 - Ib\u00e9rica Centre de Culture Art &amp; Danse","og_description":"La pe\u00f1a Estrella vous propose en partenariat avec la pe\u00f1a Ib\u00e9rica un stage avec l&#8217;excellent Danseur Y\u00farentz Berm\u00fadez. \u00c0 vos calendriers : 16 &amp; 17\/03 D\u00e9butants : 1 \u00e0 3 ans de danse, le style abord\u00e9 sera le tango &#8211; SAM &amp; DIM \/ 14h15 \u00e0 15h45. Interm\u00e9diaires : 3 \u00e0 5 ans, Buleria fin [&hellip;]","og_url":"https:\/\/iberica.info\/index.php\/2019\/02\/12\/stage-flamenco-lille-yurentz-bermudez-16-17-mars-2019\/","og_site_name":"Ib\u00e9rica Centre de Culture Art &amp; Danse","article_publisher":"https:\/\/www.facebook.com\/iberica.nord","article_published_time":"2019-02-12T20:28:26+00:00","article_modified_time":"2025-07-30T12:31:10+00:00","og_image":[{"width":940,"height":788,"url":"https:\/\/iberica.info\/wp-content\/uploads\/2019\/02\/19-03-16-17-STAGE-FLAMENCO-LILLE-Y\u00farentz-Berm\u00fandez-Pe\u00f1a-Estrella-Ib\u00e9rica.png","type":"image\/png"}],"twitter_card":"summary","twitter_misc":{"\u00c9crit par":"admin5471","Dur\u00e9e de lecture estim\u00e9e":"1 minute"},"schema":{"@context":"https:\/\/schema.org","@graph":[{"@type":"WebSite","@id":"https:\/\/iberica.info\/#website","url":"https:\/\/iberica.info\/","name":"Ib\u00e9rica Centre de Culture Art &amp; Danse","description":"Flamenco Fado Gypsy Espagne Portugal Hauts de France - France","potentialAction":[{"@type":"SearchAction","target":{"@type":"EntryPoint","urlTemplate":"https:\/\/iberica.info\/?s={search_term_string}"},"query-input":"required name=search_term_string"}],"inLanguage":"fr-FR"},{"@type":"ImageObject","inLanguage":"fr-FR","@id":"https:\/\/iberica.info\/index.php\/2019\/02\/12\/stage-flamenco-lille-yurentz-bermudez-16-17-mars-2019\/#primaryimage","url":"https:\/\/iberica.info\/wp-content\/uploads\/2019\/02\/19-03-16-17-STAGE-FLAMENCO-LILLE-Y\u00farentz-Berm\u00fandez-Pe\u00f1a-Estrella-Ib\u00e9rica.png","contentUrl":"https:\/\/iberica.info\/wp-content\/uploads\/2019\/02\/19-03-16-17-STAGE-FLAMENCO-LILLE-Y\u00farentz-Berm\u00fandez-Pe\u00f1a-Estrella-Ib\u00e9rica.png","width":940,"height":788,"caption":"19 03 16 17 STAGE FLAMENCO LILLE Y\u00farentz Berm\u00fandez Pe\u00f1a Estrella Ib\u00e9rica"},{"@type":"WebPage","@id":"https:\/\/iberica.info\/index.php\/2019\/02\/12\/stage-flamenco-lille-yurentz-bermudez-16-17-mars-2019\/#webpage","url":"https:\/\/iberica.info\/index.php\/2019\/02\/12\/stage-flamenco-lille-yurentz-bermudez-16-17-mars-2019\/","name":"STAGE FLAMENCO LILLE avec Y\u00daRENTZ BERM\u00daDEZ 16 & 17 Mars 2019 - Ib\u00e9rica Centre de Culture Art &amp; Danse","isPartOf":{"@id":"https:\/\/iberica.info\/#website"},"primaryImageOfPage":{"@id":"https:\/\/iberica.info\/index.php\/2019\/02\/12\/stage-flamenco-lille-yurentz-bermudez-16-17-mars-2019\/#primaryimage"},"datePublished":"2019-02-12T20:28:26+00:00","dateModified":"2025-07-30T12:31:10+00:00","author":{"@id":"https:\/\/iberica.info\/#\/schema\/person\/4a5038550e6f8bcde27f98a074f4a890"},"breadcrumb":{"@id":"https:\/\/iberica.info\/index.php\/2019\/02\/12\/stage-flamenco-lille-yurentz-bermudez-16-17-mars-2019\/#breadcrumb"},"inLanguage":"fr-FR","potentialAction":[{"@type":"ReadAction","target":["https:\/\/iberica.info\/index.php\/2019\/02\/12\/stage-flamenco-lille-yurentz-bermudez-16-17-mars-2019\/"]}]},{"@type":"BreadcrumbList","@id":"https:\/\/iberica.info\/index.php\/2019\/02\/12\/stage-flamenco-lille-yurentz-bermudez-16-17-mars-2019\/#breadcrumb","itemListElement":[{"@type":"ListItem","position":1,"name":"Accueil","item":"https:\/\/iberica.info\/"},{"@type":"ListItem","position":2,"name":"STAGE FLAMENCO LILLE avec Y\u00daRENTZ BERM\u00daDEZ 16 &#038; 17 Mars 2019"}]},{"@type":"Person","@id":"https:\/\/iberica.info\/#\/schema\/person\/4a5038550e6f8bcde27f98a074f4a890","name":"admin5471","image":{"@type":"ImageObject","inLanguage":"fr-FR","@id":"https:\/\/iberica.info\/#\/schema\/person\/image\/","url":"https:\/\/secure.gravatar.com\/avatar\/537dfb926703a0d39de315aa36c30d08?s=96&d=mm&r=g","contentUrl":"https:\/\/secure.gravatar.com\/avatar\/537dfb926703a0d39de315aa36c30d08?s=96&d=mm&r=g","caption":"admin5471"}}]}},"_links":{"self":[{"href":"https:\/\/iberica.info\/index.php\/wp-json\/wp\/v2\/posts\/571"}],"collection":[{"href":"https:\/\/iberica.info\/index.php\/wp-json\/wp\/v2\/posts"}],"about":[{"href":"https:\/\/iberica.info\/index.php\/wp-json\/wp\/v2\/types\/post"}],"author":[{"embeddable":true,"href":"https:\/\/iberica.info\/index.php\/wp-json\/wp\/v2\/users\/1"}],"replies":[{"embeddable":true,"href":"https:\/\/iberica.info\/index.php\/wp-json\/wp\/v2\/comments?post=571"}],"version-history":[{"count":1,"href":"https:\/\/iberica.info\/index.php\/wp-json\/wp\/v2\/posts\/571\/revisions"}],"predecessor-version":[{"id":573,"href":"https:\/\/iberica.info\/index.php\/wp-json\/wp\/v2\/posts\/571\/revisions\/573"}],"wp:featuredmedia":[{"embeddable":true,"href":"https:\/\/iberica.info\/index.php\/wp-json\/wp\/v2\/media\/572"}],"wp:attachment":[{"href":"https:\/\/iberica.info\/index.php\/wp-json\/wp\/v2\/media?parent=571"}],"wp:term":[{"taxonomy":"category","embeddable":true,"href":"https:\/\/iberica.info\/index.php\/wp-json\/wp\/v2\/categories?post=571"},{"taxonomy":"post_tag","embeddable":true,"href":"https:\/\/iberica.info\/index.php\/wp-json\/wp\/v2\/tags?post=571"}],"curies":[{"name":"wp","href":"https:\/\/api.w.org\/{rel}","templated":true}]}}