{"id":578,"date":"2019-03-15T14:23:49","date_gmt":"2019-03-15T13:23:49","guid":{"rendered":"http:\/\/iberica.info\/?p=578"},"modified":"2020-06-23T13:17:15","modified_gmt":"2020-06-23T11:17:15","slug":"flamenco-lille-moussem-a-croisee-cutures-grand-sud-lille-24-mars","status":"publish","type":"post","link":"https:\/\/iberica.info\/index.php\/2019\/03\/15\/flamenco-lille-moussem-a-croisee-cutures-grand-sud-lille-24-mars\/","title":{"rendered":"Flamenco Lille MOUSSEM \u00e0 la Crois\u00e9e des Cutures &#8211; GRAND SUD LILLE 24 Mars"},"content":{"rendered":"<p><img loading=\"lazy\" class=\"wp-image-579 alignleft\" src=\"http:\/\/iberica.info\/wp-content\/uploads\/2019\/03\/19-03-24-MOUSSEM-GRAND-LILLE-SUD.jpg\" alt=\"\" width=\"622\" height=\"879\" srcset=\"https:\/\/iberica.info\/wp-content\/uploads\/2019\/03\/19-03-24-MOUSSEM-GRAND-LILLE-SUD.jpg 679w, https:\/\/iberica.info\/wp-content\/uploads\/2019\/03\/19-03-24-MOUSSEM-GRAND-LILLE-SUD-212x300.jpg 212w\" sizes=\"(max-width: 622px) 100vw, 622px\" \/><\/p>\n<p><img loading=\"lazy\" class=\"wp-image-580 alignnone\" src=\"http:\/\/iberica.info\/wp-content\/uploads\/2019\/03\/18-12-11-M\u00daSICA-LDLN-3-light.jpg\" alt=\"\" width=\"623\" height=\"420\" srcset=\"https:\/\/iberica.info\/wp-content\/uploads\/2019\/03\/18-12-11-M\u00daSICA-LDLN-3-light.jpg 1014w, https:\/\/iberica.info\/wp-content\/uploads\/2019\/03\/18-12-11-M\u00daSICA-LDLN-3-light-300x202.jpg 300w, https:\/\/iberica.info\/wp-content\/uploads\/2019\/03\/18-12-11-M\u00daSICA-LDLN-3-light-768x517.jpg 768w, https:\/\/iberica.info\/wp-content\/uploads\/2019\/03\/18-12-11-M\u00daSICA-LDLN-3-light-750x505.jpg 750w\" sizes=\"(max-width: 623px) 100vw, 623px\" \/><\/p>\n<p>Organisation du MOUSSEM par l\u2019association APE WAGNER \u00e9v\u00e9nement inter-associatif<br \/>\nRetrouvez les PE\u00d1AS IB\u00c9RICA, PE\u00d1A ESTRELLA Flamenco \u00e0 Lille qui repr\u00e9sente la culture Andalouse et Flamenca \u00e0 Lille par son \u00e9cole de Danse, ses Spectacles et sa danseuse chor\u00e9graphe professionnelle ESTRELLA LA PELI DE LINARES.<br \/>\nPrestation \u00e0 14h du groupe LOS DE LA NOCHE en formation Trio<\/p>\n<p>&nbsp;<\/p>\n","protected":false},"excerpt":{"rendered":"<p>Organisation du MOUSSEM par l\u2019association APE WAGNER \u00e9v\u00e9nement inter-associatif Retrouvez les PE\u00d1AS IB\u00c9RICA, PE\u00d1A ESTRELLA Flamenco \u00e0 Lille qui repr\u00e9sente la culture Andalouse et Flamenca \u00e0 Lille par son \u00e9cole de Danse, ses Spectacles et sa danseuse chor\u00e9graphe professionnelle ESTRELLA LA PELI DE LINARES. Prestation \u00e0 14h du groupe LOS DE LA NOCHE en formation [&hellip;]<\/p>\n","protected":false},"author":1,"featured_media":0,"comment_status":"open","ping_status":"open","sticky":false,"template":"","format":"standard","meta":{"_mi_skip_tracking":false,"ngg_post_thumbnail":0},"categories":[1],"tags":[202,282,169,103,120,281],"yoast_head":"<!-- This site is optimized with the Yoast SEO plugin v18.9 - https:\/\/yoast.com\/wordpress\/plugins\/seo\/ -->\n<title>Flamenco Lille MOUSSEM \u00e0 la Crois\u00e9e des Cutures - GRAND SUD LILLE 24 Mars - Ib\u00e9rica Centre de Culture Art &amp; Danse<\/title>\n<meta name=\"robots\" content=\"index, follow, max-snippet:-1, max-image-preview:large, max-video-preview:-1\" \/>\n<link rel=\"canonical\" href=\"http:\/\/iberica.info\/index.php\/2019\/03\/15\/flamenco-lille-moussem-a-croisee-cutures-grand-sud-lille-24-mars\/\" \/>\n<meta property=\"og:locale\" content=\"fr_FR\" \/>\n<meta property=\"og:type\" content=\"article\" \/>\n<meta property=\"og:title\" content=\"Flamenco Lille MOUSSEM \u00e0 la Crois\u00e9e des Cutures - GRAND SUD LILLE 24 Mars - Ib\u00e9rica Centre de Culture Art &amp; Danse\" \/>\n<meta property=\"og:description\" content=\"Organisation du MOUSSEM par l\u2019association APE WAGNER \u00e9v\u00e9nement inter-associatif Retrouvez les PE\u00d1AS IB\u00c9RICA, PE\u00d1A ESTRELLA Flamenco \u00e0 Lille qui repr\u00e9sente la culture Andalouse et Flamenca \u00e0 Lille par son \u00e9cole de Danse, ses Spectacles et sa danseuse chor\u00e9graphe professionnelle ESTRELLA LA PELI DE LINARES. Prestation \u00e0 14h du groupe LOS DE LA NOCHE en formation [&hellip;]\" \/>\n<meta property=\"og:url\" content=\"http:\/\/iberica.info\/index.php\/2019\/03\/15\/flamenco-lille-moussem-a-croisee-cutures-grand-sud-lille-24-mars\/\" \/>\n<meta property=\"og:site_name\" content=\"Ib\u00e9rica Centre de Culture Art &amp; Danse\" \/>\n<meta property=\"article:publisher\" content=\"https:\/\/www.facebook.com\/iberica.nord\" \/>\n<meta property=\"article:published_time\" content=\"2019-03-15T13:23:49+00:00\" \/>\n<meta property=\"article:modified_time\" content=\"2020-06-23T11:17:15+00:00\" \/>\n<meta property=\"og:image\" content=\"http:\/\/iberica.info\/wp-content\/uploads\/2019\/03\/19-03-24-MOUSSEM-GRAND-LILLE-SUD.jpg\" \/>\n<meta name=\"twitter:card\" content=\"summary\" \/>\n<meta name=\"twitter:label1\" content=\"\u00c9crit par\" \/>\n\t<meta name=\"twitter:data1\" content=\"admin5471\" \/>\n<script type=\"application\/ld+json\" class=\"yoast-schema-graph\">{\"@context\":\"https:\/\/schema.org\",\"@graph\":[{\"@type\":\"WebSite\",\"@id\":\"https:\/\/iberica.info\/#website\",\"url\":\"https:\/\/iberica.info\/\",\"name\":\"Ib\u00e9rica Centre de Culture Art &amp; Danse\",\"description\":\"Flamenco Fado Gypsy Espagne Portugal Hauts de France - France\",\"potentialAction\":[{\"@type\":\"SearchAction\",\"target\":{\"@type\":\"EntryPoint\",\"urlTemplate\":\"https:\/\/iberica.info\/?s={search_term_string}\"},\"query-input\":\"required name=search_term_string\"}],\"inLanguage\":\"fr-FR\"},{\"@type\":\"ImageObject\",\"inLanguage\":\"fr-FR\",\"@id\":\"http:\/\/iberica.info\/index.php\/2019\/03\/15\/flamenco-lille-moussem-a-croisee-cutures-grand-sud-lille-24-mars\/#primaryimage\",\"url\":\"https:\/\/iberica.info\/wp-content\/uploads\/2019\/03\/19-03-24-MOUSSEM-GRAND-LILLE-SUD.jpg\",\"contentUrl\":\"https:\/\/iberica.info\/wp-content\/uploads\/2019\/03\/19-03-24-MOUSSEM-GRAND-LILLE-SUD.jpg\",\"width\":679,\"height\":960},{\"@type\":\"WebPage\",\"@id\":\"http:\/\/iberica.info\/index.php\/2019\/03\/15\/flamenco-lille-moussem-a-croisee-cutures-grand-sud-lille-24-mars\/#webpage\",\"url\":\"http:\/\/iberica.info\/index.php\/2019\/03\/15\/flamenco-lille-moussem-a-croisee-cutures-grand-sud-lille-24-mars\/\",\"name\":\"Flamenco Lille MOUSSEM \u00e0 la Crois\u00e9e des Cutures - GRAND SUD LILLE 24 Mars - Ib\u00e9rica Centre de Culture Art &amp; Danse\",\"isPartOf\":{\"@id\":\"https:\/\/iberica.info\/#website\"},\"primaryImageOfPage\":{\"@id\":\"http:\/\/iberica.info\/index.php\/2019\/03\/15\/flamenco-lille-moussem-a-croisee-cutures-grand-sud-lille-24-mars\/#primaryimage\"},\"datePublished\":\"2019-03-15T13:23:49+00:00\",\"dateModified\":\"2020-06-23T11:17:15+00:00\",\"author\":{\"@id\":\"https:\/\/iberica.info\/#\/schema\/person\/4a5038550e6f8bcde27f98a074f4a890\"},\"breadcrumb\":{\"@id\":\"http:\/\/iberica.info\/index.php\/2019\/03\/15\/flamenco-lille-moussem-a-croisee-cutures-grand-sud-lille-24-mars\/#breadcrumb\"},\"inLanguage\":\"fr-FR\",\"potentialAction\":[{\"@type\":\"ReadAction\",\"target\":[\"http:\/\/iberica.info\/index.php\/2019\/03\/15\/flamenco-lille-moussem-a-croisee-cutures-grand-sud-lille-24-mars\/\"]}]},{\"@type\":\"BreadcrumbList\",\"@id\":\"http:\/\/iberica.info\/index.php\/2019\/03\/15\/flamenco-lille-moussem-a-croisee-cutures-grand-sud-lille-24-mars\/#breadcrumb\",\"itemListElement\":[{\"@type\":\"ListItem\",\"position\":1,\"name\":\"Accueil\",\"item\":\"https:\/\/iberica.info\/\"},{\"@type\":\"ListItem\",\"position\":2,\"name\":\"Flamenco Lille MOUSSEM \u00e0 la Crois\u00e9e des Cutures &#8211; GRAND SUD LILLE 24 Mars\"}]},{\"@type\":\"Person\",\"@id\":\"https:\/\/iberica.info\/#\/schema\/person\/4a5038550e6f8bcde27f98a074f4a890\",\"name\":\"admin5471\",\"image\":{\"@type\":\"ImageObject\",\"inLanguage\":\"fr-FR\",\"@id\":\"https:\/\/iberica.info\/#\/schema\/person\/image\/\",\"url\":\"https:\/\/secure.gravatar.com\/avatar\/537dfb926703a0d39de315aa36c30d08?s=96&d=mm&r=g\",\"contentUrl\":\"https:\/\/secure.gravatar.com\/avatar\/537dfb926703a0d39de315aa36c30d08?s=96&d=mm&r=g\",\"caption\":\"admin5471\"}}]}<\/script>\n<!-- \/ Yoast SEO plugin. -->","yoast_head_json":{"title":"Flamenco Lille MOUSSEM \u00e0 la Crois\u00e9e des Cutures - GRAND SUD LILLE 24 Mars - Ib\u00e9rica Centre de Culture Art &amp; Danse","robots":{"index":"index","follow":"follow","max-snippet":"max-snippet:-1","max-image-preview":"max-image-preview:large","max-video-preview":"max-video-preview:-1"},"canonical":"http:\/\/iberica.info\/index.php\/2019\/03\/15\/flamenco-lille-moussem-a-croisee-cutures-grand-sud-lille-24-mars\/","og_locale":"fr_FR","og_type":"article","og_title":"Flamenco Lille MOUSSEM \u00e0 la Crois\u00e9e des Cutures - GRAND SUD LILLE 24 Mars - Ib\u00e9rica Centre de Culture Art &amp; Danse","og_description":"Organisation du MOUSSEM par l\u2019association APE WAGNER \u00e9v\u00e9nement inter-associatif Retrouvez les PE\u00d1AS IB\u00c9RICA, PE\u00d1A ESTRELLA Flamenco \u00e0 Lille qui repr\u00e9sente la culture Andalouse et Flamenca \u00e0 Lille par son \u00e9cole de Danse, ses Spectacles et sa danseuse chor\u00e9graphe professionnelle ESTRELLA LA PELI DE LINARES. Prestation \u00e0 14h du groupe LOS DE LA NOCHE en formation [&hellip;]","og_url":"http:\/\/iberica.info\/index.php\/2019\/03\/15\/flamenco-lille-moussem-a-croisee-cutures-grand-sud-lille-24-mars\/","og_site_name":"Ib\u00e9rica Centre de Culture Art &amp; Danse","article_publisher":"https:\/\/www.facebook.com\/iberica.nord","article_published_time":"2019-03-15T13:23:49+00:00","article_modified_time":"2020-06-23T11:17:15+00:00","og_image":[{"url":"http:\/\/iberica.info\/wp-content\/uploads\/2019\/03\/19-03-24-MOUSSEM-GRAND-LILLE-SUD.jpg"}],"twitter_card":"summary","twitter_misc":{"\u00c9crit par":"admin5471"},"schema":{"@context":"https:\/\/schema.org","@graph":[{"@type":"WebSite","@id":"https:\/\/iberica.info\/#website","url":"https:\/\/iberica.info\/","name":"Ib\u00e9rica Centre de Culture Art &amp; Danse","description":"Flamenco Fado Gypsy Espagne Portugal Hauts de France - France","potentialAction":[{"@type":"SearchAction","target":{"@type":"EntryPoint","urlTemplate":"https:\/\/iberica.info\/?s={search_term_string}"},"query-input":"required name=search_term_string"}],"inLanguage":"fr-FR"},{"@type":"ImageObject","inLanguage":"fr-FR","@id":"http:\/\/iberica.info\/index.php\/2019\/03\/15\/flamenco-lille-moussem-a-croisee-cutures-grand-sud-lille-24-mars\/#primaryimage","url":"https:\/\/iberica.info\/wp-content\/uploads\/2019\/03\/19-03-24-MOUSSEM-GRAND-LILLE-SUD.jpg","contentUrl":"https:\/\/iberica.info\/wp-content\/uploads\/2019\/03\/19-03-24-MOUSSEM-GRAND-LILLE-SUD.jpg","width":679,"height":960},{"@type":"WebPage","@id":"http:\/\/iberica.info\/index.php\/2019\/03\/15\/flamenco-lille-moussem-a-croisee-cutures-grand-sud-lille-24-mars\/#webpage","url":"http:\/\/iberica.info\/index.php\/2019\/03\/15\/flamenco-lille-moussem-a-croisee-cutures-grand-sud-lille-24-mars\/","name":"Flamenco Lille MOUSSEM \u00e0 la Crois\u00e9e des Cutures - GRAND SUD LILLE 24 Mars - Ib\u00e9rica Centre de Culture Art &amp; Danse","isPartOf":{"@id":"https:\/\/iberica.info\/#website"},"primaryImageOfPage":{"@id":"http:\/\/iberica.info\/index.php\/2019\/03\/15\/flamenco-lille-moussem-a-croisee-cutures-grand-sud-lille-24-mars\/#primaryimage"},"datePublished":"2019-03-15T13:23:49+00:00","dateModified":"2020-06-23T11:17:15+00:00","author":{"@id":"https:\/\/iberica.info\/#\/schema\/person\/4a5038550e6f8bcde27f98a074f4a890"},"breadcrumb":{"@id":"http:\/\/iberica.info\/index.php\/2019\/03\/15\/flamenco-lille-moussem-a-croisee-cutures-grand-sud-lille-24-mars\/#breadcrumb"},"inLanguage":"fr-FR","potentialAction":[{"@type":"ReadAction","target":["http:\/\/iberica.info\/index.php\/2019\/03\/15\/flamenco-lille-moussem-a-croisee-cutures-grand-sud-lille-24-mars\/"]}]},{"@type":"BreadcrumbList","@id":"http:\/\/iberica.info\/index.php\/2019\/03\/15\/flamenco-lille-moussem-a-croisee-cutures-grand-sud-lille-24-mars\/#breadcrumb","itemListElement":[{"@type":"ListItem","position":1,"name":"Accueil","item":"https:\/\/iberica.info\/"},{"@type":"ListItem","position":2,"name":"Flamenco Lille MOUSSEM \u00e0 la Crois\u00e9e des Cutures &#8211; GRAND SUD LILLE 24 Mars"}]},{"@type":"Person","@id":"https:\/\/iberica.info\/#\/schema\/person\/4a5038550e6f8bcde27f98a074f4a890","name":"admin5471","image":{"@type":"ImageObject","inLanguage":"fr-FR","@id":"https:\/\/iberica.info\/#\/schema\/person\/image\/","url":"https:\/\/secure.gravatar.com\/avatar\/537dfb926703a0d39de315aa36c30d08?s=96&d=mm&r=g","contentUrl":"https:\/\/secure.gravatar.com\/avatar\/537dfb926703a0d39de315aa36c30d08?s=96&d=mm&r=g","caption":"admin5471"}}]}},"_links":{"self":[{"href":"https:\/\/iberica.info\/index.php\/wp-json\/wp\/v2\/posts\/578"}],"collection":[{"href":"https:\/\/iberica.info\/index.php\/wp-json\/wp\/v2\/posts"}],"about":[{"href":"https:\/\/iberica.info\/index.php\/wp-json\/wp\/v2\/types\/post"}],"author":[{"embeddable":true,"href":"https:\/\/iberica.info\/index.php\/wp-json\/wp\/v2\/users\/1"}],"replies":[{"embeddable":true,"href":"https:\/\/iberica.info\/index.php\/wp-json\/wp\/v2\/comments?post=578"}],"version-history":[{"count":1,"href":"https:\/\/iberica.info\/index.php\/wp-json\/wp\/v2\/posts\/578\/revisions"}],"predecessor-version":[{"id":582,"href":"https:\/\/iberica.info\/index.php\/wp-json\/wp\/v2\/posts\/578\/revisions\/582"}],"wp:attachment":[{"href":"https:\/\/iberica.info\/index.php\/wp-json\/wp\/v2\/media?parent=578"}],"wp:term":[{"taxonomy":"category","embeddable":true,"href":"https:\/\/iberica.info\/index.php\/wp-json\/wp\/v2\/categories?post=578"},{"taxonomy":"post_tag","embeddable":true,"href":"https:\/\/iberica.info\/index.php\/wp-json\/wp\/v2\/tags?post=578"}],"curies":[{"name":"wp","href":"https:\/\/api.w.org\/{rel}","templated":true}]}}