{"id":583,"date":"2019-03-15T14:28:18","date_gmt":"2019-03-15T13:28:18","guid":{"rendered":"http:\/\/iberica.info\/?p=583"},"modified":"2025-07-30T14:38:04","modified_gmt":"2025-07-30T12:38:04","slug":"spectacle-zapateo-rencontre-taconeo-flamenco-claquettes-estrella-peli-de-linares-jean-pierre-doute-23-mars-douai","status":"publish","type":"post","link":"https:\/\/iberica.info\/index.php\/2019\/03\/15\/spectacle-zapateo-rencontre-taconeo-flamenco-claquettes-estrella-peli-de-linares-jean-pierre-doute-23-mars-douai\/","title":{"rendered":"SPECTACLE ZAPATEO : La rencontre du Taconeo Flamenco et des Claquettes ! Estrella La peli de Linares Jean-Pierre DOUTE 23 Mars DOUAI"},"content":{"rendered":"<figure id=\"attachment_584\" aria-describedby=\"caption-attachment-584\" style=\"width: 679px\" class=\"wp-caption aligncenter\"><img loading=\"lazy\" class=\"size-full wp-image-584\" src=\"http:\/\/iberica.info\/wp-content\/uploads\/2019\/03\/19-03-23-ZAPATEO-DOUAI-affiches.jpg\" alt=\"flamenco claquettes DOUAI nord pas de calais\" width=\"679\" height=\"960\" srcset=\"https:\/\/iberica.info\/wp-content\/uploads\/2019\/03\/19-03-23-ZAPATEO-DOUAI-affiches.jpg 679w, https:\/\/iberica.info\/wp-content\/uploads\/2019\/03\/19-03-23-ZAPATEO-DOUAI-affiches-212x300.jpg 212w\" sizes=\"(max-width: 679px) 100vw, 679px\" \/><figcaption id=\"caption-attachment-584\" class=\"wp-caption-text\">flamenco claquettes DOUAI nord pas de calais<\/figcaption><\/figure>\n<p>Estrella La Peli de Linares et Jean Pierre DOUTE dans leur nouveau Spectacle unique en son Genre : ZAPATEO<\/p>\n<p>20h Maison des Jeunes et de la culture DOUAI<\/p>\n","protected":false},"excerpt":{"rendered":"<p>Estrella La Peli de Linares et Jean Pierre DOUTE dans leur nouveau Spectacle unique en son Genre : ZAPATEO 20h Maison des Jeunes et de la culture DOUAI<\/p>\n","protected":false},"author":1,"featured_media":0,"comment_status":"closed","ping_status":"closed","sticky":false,"template":"","format":"standard","meta":{"_mi_skip_tracking":false,"ngg_post_thumbnail":0},"categories":[1],"tags":[284,213,283,286,285],"yoast_head":"<!-- This site is optimized with the Yoast SEO plugin v18.9 - https:\/\/yoast.com\/wordpress\/plugins\/seo\/ -->\n<title>SPECTACLE ZAPATEO : La rencontre du Taconeo Flamenco et des Claquettes ! Estrella La peli de Linares Jean-Pierre DOUTE 23 Mars DOUAI - Ib\u00e9rica Centre de Culture Art &amp; Danse<\/title>\n<meta name=\"robots\" content=\"index, follow, max-snippet:-1, max-image-preview:large, max-video-preview:-1\" \/>\n<link rel=\"canonical\" href=\"https:\/\/iberica.info\/index.php\/2019\/03\/15\/spectacle-zapateo-rencontre-taconeo-flamenco-claquettes-estrella-peli-de-linares-jean-pierre-doute-23-mars-douai\/\" \/>\n<meta property=\"og:locale\" content=\"fr_FR\" \/>\n<meta property=\"og:type\" content=\"article\" \/>\n<meta property=\"og:title\" content=\"SPECTACLE ZAPATEO : La rencontre du Taconeo Flamenco et des Claquettes ! Estrella La peli de Linares Jean-Pierre DOUTE 23 Mars DOUAI - Ib\u00e9rica Centre de Culture Art &amp; Danse\" \/>\n<meta property=\"og:description\" content=\"Estrella La Peli de Linares et Jean Pierre DOUTE dans leur nouveau Spectacle unique en son Genre : ZAPATEO 20h Maison des Jeunes et de la culture DOUAI\" \/>\n<meta property=\"og:url\" content=\"https:\/\/iberica.info\/index.php\/2019\/03\/15\/spectacle-zapateo-rencontre-taconeo-flamenco-claquettes-estrella-peli-de-linares-jean-pierre-doute-23-mars-douai\/\" \/>\n<meta property=\"og:site_name\" content=\"Ib\u00e9rica Centre de Culture Art &amp; Danse\" \/>\n<meta property=\"article:publisher\" content=\"https:\/\/www.facebook.com\/iberica.nord\" \/>\n<meta property=\"article:published_time\" content=\"2019-03-15T13:28:18+00:00\" \/>\n<meta property=\"article:modified_time\" content=\"2025-07-30T12:38:04+00:00\" \/>\n<meta property=\"og:image\" content=\"http:\/\/iberica.info\/wp-content\/uploads\/2019\/03\/19-03-23-ZAPATEO-DOUAI-affiches.jpg\" \/>\n<meta name=\"twitter:card\" content=\"summary\" \/>\n<meta name=\"twitter:label1\" content=\"\u00c9crit par\" \/>\n\t<meta name=\"twitter:data1\" content=\"admin5471\" \/>\n\t<meta name=\"twitter:label2\" content=\"Dur\u00e9e de lecture estim\u00e9e\" \/>\n\t<meta name=\"twitter:data2\" content=\"1 minute\" \/>\n<script type=\"application\/ld+json\" class=\"yoast-schema-graph\">{\"@context\":\"https:\/\/schema.org\",\"@graph\":[{\"@type\":\"WebSite\",\"@id\":\"https:\/\/iberica.info\/#website\",\"url\":\"https:\/\/iberica.info\/\",\"name\":\"Ib\u00e9rica Centre de Culture Art &amp; Danse\",\"description\":\"Flamenco Fado Gypsy Espagne Portugal Hauts de France - France\",\"potentialAction\":[{\"@type\":\"SearchAction\",\"target\":{\"@type\":\"EntryPoint\",\"urlTemplate\":\"https:\/\/iberica.info\/?s={search_term_string}\"},\"query-input\":\"required name=search_term_string\"}],\"inLanguage\":\"fr-FR\"},{\"@type\":\"ImageObject\",\"inLanguage\":\"fr-FR\",\"@id\":\"https:\/\/iberica.info\/index.php\/2019\/03\/15\/spectacle-zapateo-rencontre-taconeo-flamenco-claquettes-estrella-peli-de-linares-jean-pierre-doute-23-mars-douai\/#primaryimage\",\"url\":\"https:\/\/iberica.info\/wp-content\/uploads\/2019\/03\/19-03-23-ZAPATEO-DOUAI-affiches.jpg\",\"contentUrl\":\"https:\/\/iberica.info\/wp-content\/uploads\/2019\/03\/19-03-23-ZAPATEO-DOUAI-affiches.jpg\",\"width\":679,\"height\":960,\"caption\":\"flamenco claquettes DOUAI nord pas de calais\"},{\"@type\":\"WebPage\",\"@id\":\"https:\/\/iberica.info\/index.php\/2019\/03\/15\/spectacle-zapateo-rencontre-taconeo-flamenco-claquettes-estrella-peli-de-linares-jean-pierre-doute-23-mars-douai\/#webpage\",\"url\":\"https:\/\/iberica.info\/index.php\/2019\/03\/15\/spectacle-zapateo-rencontre-taconeo-flamenco-claquettes-estrella-peli-de-linares-jean-pierre-doute-23-mars-douai\/\",\"name\":\"SPECTACLE ZAPATEO : La rencontre du Taconeo Flamenco et des Claquettes ! Estrella La peli de Linares Jean-Pierre DOUTE 23 Mars DOUAI - Ib\u00e9rica Centre de Culture Art &amp; Danse\",\"isPartOf\":{\"@id\":\"https:\/\/iberica.info\/#website\"},\"primaryImageOfPage\":{\"@id\":\"https:\/\/iberica.info\/index.php\/2019\/03\/15\/spectacle-zapateo-rencontre-taconeo-flamenco-claquettes-estrella-peli-de-linares-jean-pierre-doute-23-mars-douai\/#primaryimage\"},\"datePublished\":\"2019-03-15T13:28:18+00:00\",\"dateModified\":\"2025-07-30T12:38:04+00:00\",\"author\":{\"@id\":\"https:\/\/iberica.info\/#\/schema\/person\/4a5038550e6f8bcde27f98a074f4a890\"},\"breadcrumb\":{\"@id\":\"https:\/\/iberica.info\/index.php\/2019\/03\/15\/spectacle-zapateo-rencontre-taconeo-flamenco-claquettes-estrella-peli-de-linares-jean-pierre-doute-23-mars-douai\/#breadcrumb\"},\"inLanguage\":\"fr-FR\",\"potentialAction\":[{\"@type\":\"ReadAction\",\"target\":[\"https:\/\/iberica.info\/index.php\/2019\/03\/15\/spectacle-zapateo-rencontre-taconeo-flamenco-claquettes-estrella-peli-de-linares-jean-pierre-doute-23-mars-douai\/\"]}]},{\"@type\":\"BreadcrumbList\",\"@id\":\"https:\/\/iberica.info\/index.php\/2019\/03\/15\/spectacle-zapateo-rencontre-taconeo-flamenco-claquettes-estrella-peli-de-linares-jean-pierre-doute-23-mars-douai\/#breadcrumb\",\"itemListElement\":[{\"@type\":\"ListItem\",\"position\":1,\"name\":\"Accueil\",\"item\":\"https:\/\/iberica.info\/\"},{\"@type\":\"ListItem\",\"position\":2,\"name\":\"SPECTACLE ZAPATEO : La rencontre du Taconeo Flamenco et des Claquettes ! Estrella La peli de Linares Jean-Pierre DOUTE 23 Mars DOUAI\"}]},{\"@type\":\"Person\",\"@id\":\"https:\/\/iberica.info\/#\/schema\/person\/4a5038550e6f8bcde27f98a074f4a890\",\"name\":\"admin5471\",\"image\":{\"@type\":\"ImageObject\",\"inLanguage\":\"fr-FR\",\"@id\":\"https:\/\/iberica.info\/#\/schema\/person\/image\/\",\"url\":\"https:\/\/secure.gravatar.com\/avatar\/537dfb926703a0d39de315aa36c30d08?s=96&d=mm&r=g\",\"contentUrl\":\"https:\/\/secure.gravatar.com\/avatar\/537dfb926703a0d39de315aa36c30d08?s=96&d=mm&r=g\",\"caption\":\"admin5471\"}}]}<\/script>\n<!-- \/ Yoast SEO plugin. -->","yoast_head_json":{"title":"SPECTACLE ZAPATEO : La rencontre du Taconeo Flamenco et des Claquettes ! Estrella La peli de Linares Jean-Pierre DOUTE 23 Mars DOUAI - Ib\u00e9rica Centre de Culture Art &amp; Danse","robots":{"index":"index","follow":"follow","max-snippet":"max-snippet:-1","max-image-preview":"max-image-preview:large","max-video-preview":"max-video-preview:-1"},"canonical":"https:\/\/iberica.info\/index.php\/2019\/03\/15\/spectacle-zapateo-rencontre-taconeo-flamenco-claquettes-estrella-peli-de-linares-jean-pierre-doute-23-mars-douai\/","og_locale":"fr_FR","og_type":"article","og_title":"SPECTACLE ZAPATEO : La rencontre du Taconeo Flamenco et des Claquettes ! Estrella La peli de Linares Jean-Pierre DOUTE 23 Mars DOUAI - Ib\u00e9rica Centre de Culture Art &amp; Danse","og_description":"Estrella La Peli de Linares et Jean Pierre DOUTE dans leur nouveau Spectacle unique en son Genre : ZAPATEO 20h Maison des Jeunes et de la culture DOUAI","og_url":"https:\/\/iberica.info\/index.php\/2019\/03\/15\/spectacle-zapateo-rencontre-taconeo-flamenco-claquettes-estrella-peli-de-linares-jean-pierre-doute-23-mars-douai\/","og_site_name":"Ib\u00e9rica Centre de Culture Art &amp; Danse","article_publisher":"https:\/\/www.facebook.com\/iberica.nord","article_published_time":"2019-03-15T13:28:18+00:00","article_modified_time":"2025-07-30T12:38:04+00:00","og_image":[{"url":"http:\/\/iberica.info\/wp-content\/uploads\/2019\/03\/19-03-23-ZAPATEO-DOUAI-affiches.jpg"}],"twitter_card":"summary","twitter_misc":{"\u00c9crit par":"admin5471","Dur\u00e9e de lecture estim\u00e9e":"1 minute"},"schema":{"@context":"https:\/\/schema.org","@graph":[{"@type":"WebSite","@id":"https:\/\/iberica.info\/#website","url":"https:\/\/iberica.info\/","name":"Ib\u00e9rica Centre de Culture Art &amp; Danse","description":"Flamenco Fado Gypsy Espagne Portugal Hauts de France - France","potentialAction":[{"@type":"SearchAction","target":{"@type":"EntryPoint","urlTemplate":"https:\/\/iberica.info\/?s={search_term_string}"},"query-input":"required name=search_term_string"}],"inLanguage":"fr-FR"},{"@type":"ImageObject","inLanguage":"fr-FR","@id":"https:\/\/iberica.info\/index.php\/2019\/03\/15\/spectacle-zapateo-rencontre-taconeo-flamenco-claquettes-estrella-peli-de-linares-jean-pierre-doute-23-mars-douai\/#primaryimage","url":"https:\/\/iberica.info\/wp-content\/uploads\/2019\/03\/19-03-23-ZAPATEO-DOUAI-affiches.jpg","contentUrl":"https:\/\/iberica.info\/wp-content\/uploads\/2019\/03\/19-03-23-ZAPATEO-DOUAI-affiches.jpg","width":679,"height":960,"caption":"flamenco claquettes DOUAI nord pas de calais"},{"@type":"WebPage","@id":"https:\/\/iberica.info\/index.php\/2019\/03\/15\/spectacle-zapateo-rencontre-taconeo-flamenco-claquettes-estrella-peli-de-linares-jean-pierre-doute-23-mars-douai\/#webpage","url":"https:\/\/iberica.info\/index.php\/2019\/03\/15\/spectacle-zapateo-rencontre-taconeo-flamenco-claquettes-estrella-peli-de-linares-jean-pierre-doute-23-mars-douai\/","name":"SPECTACLE ZAPATEO : La rencontre du Taconeo Flamenco et des Claquettes ! Estrella La peli de Linares Jean-Pierre DOUTE 23 Mars DOUAI - Ib\u00e9rica Centre de Culture Art &amp; Danse","isPartOf":{"@id":"https:\/\/iberica.info\/#website"},"primaryImageOfPage":{"@id":"https:\/\/iberica.info\/index.php\/2019\/03\/15\/spectacle-zapateo-rencontre-taconeo-flamenco-claquettes-estrella-peli-de-linares-jean-pierre-doute-23-mars-douai\/#primaryimage"},"datePublished":"2019-03-15T13:28:18+00:00","dateModified":"2025-07-30T12:38:04+00:00","author":{"@id":"https:\/\/iberica.info\/#\/schema\/person\/4a5038550e6f8bcde27f98a074f4a890"},"breadcrumb":{"@id":"https:\/\/iberica.info\/index.php\/2019\/03\/15\/spectacle-zapateo-rencontre-taconeo-flamenco-claquettes-estrella-peli-de-linares-jean-pierre-doute-23-mars-douai\/#breadcrumb"},"inLanguage":"fr-FR","potentialAction":[{"@type":"ReadAction","target":["https:\/\/iberica.info\/index.php\/2019\/03\/15\/spectacle-zapateo-rencontre-taconeo-flamenco-claquettes-estrella-peli-de-linares-jean-pierre-doute-23-mars-douai\/"]}]},{"@type":"BreadcrumbList","@id":"https:\/\/iberica.info\/index.php\/2019\/03\/15\/spectacle-zapateo-rencontre-taconeo-flamenco-claquettes-estrella-peli-de-linares-jean-pierre-doute-23-mars-douai\/#breadcrumb","itemListElement":[{"@type":"ListItem","position":1,"name":"Accueil","item":"https:\/\/iberica.info\/"},{"@type":"ListItem","position":2,"name":"SPECTACLE ZAPATEO : La rencontre du Taconeo Flamenco et des Claquettes ! Estrella La peli de Linares Jean-Pierre DOUTE 23 Mars DOUAI"}]},{"@type":"Person","@id":"https:\/\/iberica.info\/#\/schema\/person\/4a5038550e6f8bcde27f98a074f4a890","name":"admin5471","image":{"@type":"ImageObject","inLanguage":"fr-FR","@id":"https:\/\/iberica.info\/#\/schema\/person\/image\/","url":"https:\/\/secure.gravatar.com\/avatar\/537dfb926703a0d39de315aa36c30d08?s=96&d=mm&r=g","contentUrl":"https:\/\/secure.gravatar.com\/avatar\/537dfb926703a0d39de315aa36c30d08?s=96&d=mm&r=g","caption":"admin5471"}}]}},"_links":{"self":[{"href":"https:\/\/iberica.info\/index.php\/wp-json\/wp\/v2\/posts\/583"}],"collection":[{"href":"https:\/\/iberica.info\/index.php\/wp-json\/wp\/v2\/posts"}],"about":[{"href":"https:\/\/iberica.info\/index.php\/wp-json\/wp\/v2\/types\/post"}],"author":[{"embeddable":true,"href":"https:\/\/iberica.info\/index.php\/wp-json\/wp\/v2\/users\/1"}],"replies":[{"embeddable":true,"href":"https:\/\/iberica.info\/index.php\/wp-json\/wp\/v2\/comments?post=583"}],"version-history":[{"count":1,"href":"https:\/\/iberica.info\/index.php\/wp-json\/wp\/v2\/posts\/583\/revisions"}],"predecessor-version":[{"id":585,"href":"https:\/\/iberica.info\/index.php\/wp-json\/wp\/v2\/posts\/583\/revisions\/585"}],"wp:attachment":[{"href":"https:\/\/iberica.info\/index.php\/wp-json\/wp\/v2\/media?parent=583"}],"wp:term":[{"taxonomy":"category","embeddable":true,"href":"https:\/\/iberica.info\/index.php\/wp-json\/wp\/v2\/categories?post=583"},{"taxonomy":"post_tag","embeddable":true,"href":"https:\/\/iberica.info\/index.php\/wp-json\/wp\/v2\/tags?post=583"}],"curies":[{"name":"wp","href":"https:\/\/api.w.org\/{rel}","templated":true}]}}